{"id":2467,"date":"2024-08-27T11:00:34","date_gmt":"2024-08-27T14:00:34","guid":{"rendered":"https:\/\/filtrocapacitivo.com.br\/blog\/?p=2467"},"modified":"2024-09-20T15:50:59","modified_gmt":"2024-09-20T18:50:59","slug":"os-estados-do-acre-e-rondonia-sem-energia-eletrica","status":"publish","type":"post","link":"https:\/\/filtrocapacitivo.com.br\/blog\/os-estados-do-acre-e-rondonia-sem-energia-eletrica\/","title":{"rendered":"Os estados do Acre e Rond\u00f4nia sem energia el\u00e9trica"},"content":{"rendered":"<p><span style=\"font-weight: 300;\">Mais um apag\u00e3o ocorreu no pa\u00eds no m\u00eas de agosto. Dessa vez o apag\u00e3o deixou o estado do Acre sem energia el\u00e9trica. De acordo com a concession\u00e1ria Energisa, todo o estado foi afetado, impactando 218 mil consumidores. O problema tamb\u00e9m atingiu o estado de Rond\u00f4nia e uma cidade de Mato Grosso, que s\u00e3o abastecidos pela mesma empresa.<\/span><\/p>\n<p>&nbsp;<\/p>\n<p><img loading=\"lazy\" decoding=\"async\" class=\"wp-image-2468 aligncenter\" src=\"https:\/\/filtrocapacitivo.com.br\/blog\/wp-content\/uploads\/2024\/09\/27.08-blog-300x300.jpg\" alt=\"\" width=\"452\" height=\"452\" srcset=\"https:\/\/filtrocapacitivo.com.br\/blog\/wp-content\/uploads\/2024\/09\/27.08-blog-300x300.jpg 300w, https:\/\/filtrocapacitivo.com.br\/blog\/wp-content\/uploads\/2024\/09\/27.08-blog-1024x1024.jpg 1024w, https:\/\/filtrocapacitivo.com.br\/blog\/wp-content\/uploads\/2024\/09\/27.08-blog-150x150.jpg 150w, https:\/\/filtrocapacitivo.com.br\/blog\/wp-content\/uploads\/2024\/09\/27.08-blog-768x768.jpg 768w, https:\/\/filtrocapacitivo.com.br\/blog\/wp-content\/uploads\/2024\/09\/27.08-blog-500x500.jpg 500w, https:\/\/filtrocapacitivo.com.br\/blog\/wp-content\/uploads\/2024\/09\/27.08-blog-400x400.jpg 400w, https:\/\/filtrocapacitivo.com.br\/blog\/wp-content\/uploads\/2024\/09\/27.08-blog-146x146.jpg 146w, https:\/\/filtrocapacitivo.com.br\/blog\/wp-content\/uploads\/2024\/09\/27.08-blog-50x50.jpg 50w, https:\/\/filtrocapacitivo.com.br\/blog\/wp-content\/uploads\/2024\/09\/27.08-blog-75x75.jpg 75w, https:\/\/filtrocapacitivo.com.br\/blog\/wp-content\/uploads\/2024\/09\/27.08-blog-85x85.jpg 85w, https:\/\/filtrocapacitivo.com.br\/blog\/wp-content\/uploads\/2024\/09\/27.08-blog-80x80.jpg 80w, https:\/\/filtrocapacitivo.com.br\/blog\/wp-content\/uploads\/2024\/09\/27.08-blog.jpg 1080w\" sizes=\"auto, (max-width: 452px) 100vw, 452px\" \/><\/p>\n<p>&nbsp;<\/p>\n<p><span style=\"font-weight: 300;\">Em Rond\u00f4nia, cidades como Ji-Paran\u00e1, Ariquemes e Pimenta Bueno come\u00e7aram a ter o fornecimento de energia restabelecido antes da capital Porto Velho, que continuou enfrentando instabilidade e quedas frequentes de energia, deixando grande parte da cidade sem eletricidade. Aproximadamente 500 mil pessoas foram afetadas em Porto Velho.<\/span><\/p>\n<p><span style=\"font-weight: 300;\">Em nota, a concession\u00e1ria Energisa informou que a falha no servi\u00e7o no Acre foi causada por um evento externo no Sistema Interligado Nacional (SIN). De acordo com o Operador Nacional do Sistema El\u00e9trico (ONS), &#8220;houve perda do sistema de transmiss\u00e3o em corrente cont\u00ednua do Complexo Madeira, al\u00e9m do sistema de transmiss\u00e3o em 230 kV que interliga os estados do Acre e Rond\u00f4nia ao SIN&#8221;.<\/span><\/p>\n<p><span style=\"font-weight: 300;\">Venha conhecer mais sobre os filtros capacitivos. Fale com nossos consultores pelo telefone:\u00a0<\/span><a href=\"tel:08130890606\"><span style=\"font-weight: 300;\">(81) 3089-0606<\/span><\/a><span style=\"font-weight: 300;\">, fale pelo WhatsApp:\u00a0<\/span><a href=\"https:\/\/wa.me\/5581998710126\"><span style=\"font-weight: 300;\">(81) 99871-0126<\/span><\/a><span style=\"font-weight: 300;\">\u00a0ou preencha o\u00a0<\/span><a href=\"https:\/\/filtrocapacitivo.com.br\/contato\"><span style=\"font-weight: 300;\">formul\u00e1rio<\/span><\/a><span style=\"font-weight: 300;\">.<\/span><\/p>\n","protected":false},"excerpt":{"rendered":"<p>Mais um apag\u00e3o ocorreu no pa\u00eds no m\u00eas de agosto. Dessa vez o apag\u00e3o deixou o estado do Acre sem energia el\u00e9trica. De acordo com a<span class=\"excerpt-hellip\"> [\u2026]<\/span><\/p>\n","protected":false},"author":1,"featured_media":2468,"comment_status":"closed","ping_status":"closed","sticky":false,"template":"","format":"standard","meta":{"footnotes":""},"categories":[1],"tags":[],"class_list":["post-2467","post","type-post","status-publish","format-standard","has-post-thumbnail","hentry","category-filtros-capacitivos"],"_links":{"self":[{"href":"https:\/\/filtrocapacitivo.com.br\/blog\/wp-json\/wp\/v2\/posts\/2467","targetHints":{"allow":["GET"]}}],"collection":[{"href":"https:\/\/filtrocapacitivo.com.br\/blog\/wp-json\/wp\/v2\/posts"}],"about":[{"href":"https:\/\/filtrocapacitivo.com.br\/blog\/wp-json\/wp\/v2\/types\/post"}],"author":[{"embeddable":true,"href":"https:\/\/filtrocapacitivo.com.br\/blog\/wp-json\/wp\/v2\/users\/1"}],"replies":[{"embeddable":true,"href":"https:\/\/filtrocapacitivo.com.br\/blog\/wp-json\/wp\/v2\/comments?post=2467"}],"version-history":[{"count":1,"href":"https:\/\/filtrocapacitivo.com.br\/blog\/wp-json\/wp\/v2\/posts\/2467\/revisions"}],"predecessor-version":[{"id":2469,"href":"https:\/\/filtrocapacitivo.com.br\/blog\/wp-json\/wp\/v2\/posts\/2467\/revisions\/2469"}],"wp:featuredmedia":[{"embeddable":true,"href":"https:\/\/filtrocapacitivo.com.br\/blog\/wp-json\/wp\/v2\/media\/2468"}],"wp:attachment":[{"href":"https:\/\/filtrocapacitivo.com.br\/blog\/wp-json\/wp\/v2\/media?parent=2467"}],"wp:term":[{"taxonomy":"category","embeddable":true,"href":"https:\/\/filtrocapacitivo.com.br\/blog\/wp-json\/wp\/v2\/categories?post=2467"},{"taxonomy":"post_tag","embeddable":true,"href":"https:\/\/filtrocapacitivo.com.br\/blog\/wp-json\/wp\/v2\/tags?post=2467"}],"curies":[{"name":"wp","href":"https:\/\/api.w.org\/{rel}","templated":true}]}}