{"id":2470,"date":"2024-08-30T11:00:11","date_gmt":"2024-08-30T14:00:11","guid":{"rendered":"https:\/\/filtrocapacitivo.com.br\/blog\/?p=2470"},"modified":"2024-09-20T15:53:32","modified_gmt":"2024-09-20T18:53:32","slug":"materia-do-jornal-nacional-expoe-cuidados-com-a-troca-de-fontes-de-energia","status":"publish","type":"post","link":"https:\/\/filtrocapacitivo.com.br\/blog\/materia-do-jornal-nacional-expoe-cuidados-com-a-troca-de-fontes-de-energia\/","title":{"rendered":"Mat\u00e9ria do Jornal Nacional exp\u00f5e cuidados com a troca de fontes de energia"},"content":{"rendered":"<p><span style=\"font-weight: 300;\">Mat\u00e9ria exibida no dia 27\/08\/2024 falou sobre os problemas nos reservat\u00f3rios de hidrel\u00e9tricas no Brasil, que est\u00e3o em um volume menor do que h\u00e1 um ano.<\/span><\/p>\n<p><iframe loading=\"lazy\" title=\"Mat\u00e9ria do Jornal Nacional exp\u00f5e cuidados com a troca de fontes de energia\" width=\"1200\" height=\"675\" src=\"https:\/\/www.youtube.com\/embed\/pv1u6WM7knk?feature=oembed\" frameborder=\"0\" allow=\"accelerometer; autoplay; clipboard-write; encrypted-media; gyroscope; picture-in-picture; web-share\" referrerpolicy=\"strict-origin-when-cross-origin\" allowfullscreen><\/iframe><\/p>\n<p>&nbsp;<\/p>\n<p><span style=\"font-weight: 300;\">Durante a reportagem, o especialista Jerson Kelma alerta que, quem usa energia de outras fontes renov\u00e1veis, como a solar, precisam estar atentos \u00e0s trocas de fontes de energia. Por exemplo, \u00e0 noite, quando a energia solar j\u00e1 n\u00e3o produz, e voc\u00ea precisa usar a energia h\u00eddrica.<\/span><\/p>\n<p><span style=\"font-weight: 300;\">Durante essas trocas, o pico de tens\u00e3o pode causar danos aos equipamentos e sobrecarregar a rede.<\/span><\/p>\n<p><span style=\"font-weight: 300;\">O uso de Filtros Capacitivos protege a sua rede el\u00e9trica quando \u00e9 preciso fazer essa troca e seus equipamentos eletroeletr\u00f4nicos est\u00e3o sob risco.<\/span><\/p>\n<p>&nbsp;<\/p>\n<p><span style=\"font-weight: 300;\">Venha conhecer mais sobre os filtros capacitivos. Fale com nossos consultores pelo telefone:\u00a0<\/span><a href=\"tel:08130890606\"><span style=\"font-weight: 300;\">(81) 3089-0606<\/span><\/a><span style=\"font-weight: 300;\">, fale pelo WhatsApp:\u00a0<\/span><a href=\"https:\/\/wa.me\/5581998710126\"><span style=\"font-weight: 300;\">(81) 99871-0126<\/span><\/a><span style=\"font-weight: 300;\">\u00a0ou preencha o\u00a0<\/span><a href=\"https:\/\/filtrocapacitivo.com.br\/contato\"><span style=\"font-weight: 300;\">formul\u00e1rio<\/span><\/a><span style=\"font-weight: 300;\">.<\/span><\/p>\n","protected":false},"excerpt":{"rendered":"<p>Mat\u00e9ria exibida no dia 27\/08\/2024 falou sobre os problemas nos reservat\u00f3rios de hidrel\u00e9tricas no Brasil, que est\u00e3o em um volume menor do que h\u00e1 um ano.<span class=\"excerpt-hellip\"> [\u2026]<\/span><\/p>\n","protected":false},"author":1,"featured_media":2471,"comment_status":"closed","ping_status":"closed","sticky":false,"template":"","format":"standard","meta":{"footnotes":""},"categories":[1],"tags":[],"class_list":["post-2470","post","type-post","status-publish","format-standard","has-post-thumbnail","hentry","category-filtros-capacitivos"],"_links":{"self":[{"href":"https:\/\/filtrocapacitivo.com.br\/blog\/wp-json\/wp\/v2\/posts\/2470","targetHints":{"allow":["GET"]}}],"collection":[{"href":"https:\/\/filtrocapacitivo.com.br\/blog\/wp-json\/wp\/v2\/posts"}],"about":[{"href":"https:\/\/filtrocapacitivo.com.br\/blog\/wp-json\/wp\/v2\/types\/post"}],"author":[{"embeddable":true,"href":"https:\/\/filtrocapacitivo.com.br\/blog\/wp-json\/wp\/v2\/users\/1"}],"replies":[{"embeddable":true,"href":"https:\/\/filtrocapacitivo.com.br\/blog\/wp-json\/wp\/v2\/comments?post=2470"}],"version-history":[{"count":1,"href":"https:\/\/filtrocapacitivo.com.br\/blog\/wp-json\/wp\/v2\/posts\/2470\/revisions"}],"predecessor-version":[{"id":2472,"href":"https:\/\/filtrocapacitivo.com.br\/blog\/wp-json\/wp\/v2\/posts\/2470\/revisions\/2472"}],"wp:featuredmedia":[{"embeddable":true,"href":"https:\/\/filtrocapacitivo.com.br\/blog\/wp-json\/wp\/v2\/media\/2471"}],"wp:attachment":[{"href":"https:\/\/filtrocapacitivo.com.br\/blog\/wp-json\/wp\/v2\/media?parent=2470"}],"wp:term":[{"taxonomy":"category","embeddable":true,"href":"https:\/\/filtrocapacitivo.com.br\/blog\/wp-json\/wp\/v2\/categories?post=2470"},{"taxonomy":"post_tag","embeddable":true,"href":"https:\/\/filtrocapacitivo.com.br\/blog\/wp-json\/wp\/v2\/tags?post=2470"}],"curies":[{"name":"wp","href":"https:\/\/api.w.org\/{rel}","templated":true}]}}