{"id":2484,"date":"2024-09-24T12:00:28","date_gmt":"2024-09-24T15:00:28","guid":{"rendered":"https:\/\/filtrocapacitivo.com.br\/blog\/?p=2484"},"modified":"2024-11-05T11:06:43","modified_gmt":"2024-11-05T14:06:43","slug":"a-importancia-das-inspecoes-periodicas-em-filtros-capacitivos-2","status":"publish","type":"post","link":"https:\/\/filtrocapacitivo.com.br\/blog\/a-importancia-das-inspecoes-periodicas-em-filtros-capacitivos-2\/","title":{"rendered":"A import\u00e2ncia das inspe\u00e7\u00f5es peri\u00f3dicas em filtros capacitivos"},"content":{"rendered":"<p><span style=\"font-weight: 300;\">O m\u00eas de setembro tem registrado um aumento significativo no consumo de energia no Brasil, impulsionado pelas altas temperaturas e o tempo seco. De acordo com o Operador Nacional do Sistema (ONS), o consumo de energia nos primeiros 12 dias de setembro atingiu 79.443 MWmed, um aumento de 9,3% em compara\u00e7\u00e3o com o mesmo per\u00edodo do ano passado, quando o consumo foi de 72.701 MWmed<\/span><\/p>\n<p><img loading=\"lazy\" decoding=\"async\" class=\" wp-image-2485 aligncenter\" src=\"https:\/\/filtrocapacitivo.com.br\/blog\/wp-content\/uploads\/2024\/11\/24.09-blog-300x300.jpg\" alt=\"\" width=\"423\" height=\"423\" srcset=\"https:\/\/filtrocapacitivo.com.br\/blog\/wp-content\/uploads\/2024\/11\/24.09-blog-300x300.jpg 300w, https:\/\/filtrocapacitivo.com.br\/blog\/wp-content\/uploads\/2024\/11\/24.09-blog-1024x1024.jpg 1024w, https:\/\/filtrocapacitivo.com.br\/blog\/wp-content\/uploads\/2024\/11\/24.09-blog-150x150.jpg 150w, https:\/\/filtrocapacitivo.com.br\/blog\/wp-content\/uploads\/2024\/11\/24.09-blog-768x768.jpg 768w, https:\/\/filtrocapacitivo.com.br\/blog\/wp-content\/uploads\/2024\/11\/24.09-blog-500x500.jpg 500w, https:\/\/filtrocapacitivo.com.br\/blog\/wp-content\/uploads\/2024\/11\/24.09-blog-400x400.jpg 400w, https:\/\/filtrocapacitivo.com.br\/blog\/wp-content\/uploads\/2024\/11\/24.09-blog-146x146.jpg 146w, https:\/\/filtrocapacitivo.com.br\/blog\/wp-content\/uploads\/2024\/11\/24.09-blog-50x50.jpg 50w, https:\/\/filtrocapacitivo.com.br\/blog\/wp-content\/uploads\/2024\/11\/24.09-blog-75x75.jpg 75w, https:\/\/filtrocapacitivo.com.br\/blog\/wp-content\/uploads\/2024\/11\/24.09-blog-85x85.jpg 85w, https:\/\/filtrocapacitivo.com.br\/blog\/wp-content\/uploads\/2024\/11\/24.09-blog-80x80.jpg 80w, https:\/\/filtrocapacitivo.com.br\/blog\/wp-content\/uploads\/2024\/11\/24.09-blog.jpg 1080w\" sizes=\"auto, (max-width: 423px) 100vw, 423px\" \/><\/p>\n<p>&nbsp;<\/p>\n<p><span style=\"font-weight: 300;\">As ondas de calor, particularmente intensas nas regi\u00f5es centrais e Centro-Oeste, s\u00e3o um dos principais fatores para esse aumento no consumo de energia, agravadas pelos baixos n\u00edveis de umidade. Esses fatores tamb\u00e9m contribuem para a redu\u00e7\u00e3o natural dos n\u00edveis dos reservat\u00f3rios, uma situa\u00e7\u00e3o j\u00e1 esperada para essa \u00e9poca do ano, caracterizada por chuvas escassas. O cen\u00e1rio de calor extremo e baixa umidade agrava a situa\u00e7\u00e3o das queimadas, especialmente no centro do Brasil, al\u00e9m de pressionar pela manuten\u00e7\u00e3o de bandeiras tarif\u00e1rias mais altas na conta de energia. Com isso, economistas j\u00e1 descartam a possibilidade de retorno da bandeira tarif\u00e1ria verde ainda este ano.<\/span><\/p>\n<p><span style=\"font-weight: 300;\">Venha conhecer mais sobre os filtros capacitivos. Fale com nossos consultores pelo telefone:\u00a0<\/span><a href=\"tel:08130890606\"><span style=\"font-weight: 300;\">(81) 3089-0606<\/span><\/a><span style=\"font-weight: 300;\">, fale pelo WhatsApp:\u00a0<\/span><a href=\"https:\/\/wa.me\/5581998710126\"><span style=\"font-weight: 300;\">(81) 99871-0126<\/span><\/a><span style=\"font-weight: 300;\">\u00a0ou preencha o\u00a0<\/span><a href=\"https:\/\/filtrocapacitivo.com.br\/contato\"><span style=\"font-weight: 300;\">formul\u00e1rio<\/span><\/a><span style=\"font-weight: 300;\">.<\/span><\/p>\n","protected":false},"excerpt":{"rendered":"<p>O m\u00eas de setembro tem registrado um aumento significativo no consumo de energia no Brasil, impulsionado pelas altas temperaturas e o tempo seco. De acordo com<span class=\"excerpt-hellip\"> [\u2026]<\/span><\/p>\n","protected":false},"author":1,"featured_media":2486,"comment_status":"closed","ping_status":"closed","sticky":false,"template":"","format":"standard","meta":{"footnotes":""},"categories":[5],"tags":[],"class_list":["post-2484","post","type-post","status-publish","format-standard","has-post-thumbnail","hentry","category-noticias"],"_links":{"self":[{"href":"https:\/\/filtrocapacitivo.com.br\/blog\/wp-json\/wp\/v2\/posts\/2484","targetHints":{"allow":["GET"]}}],"collection":[{"href":"https:\/\/filtrocapacitivo.com.br\/blog\/wp-json\/wp\/v2\/posts"}],"about":[{"href":"https:\/\/filtrocapacitivo.com.br\/blog\/wp-json\/wp\/v2\/types\/post"}],"author":[{"embeddable":true,"href":"https:\/\/filtrocapacitivo.com.br\/blog\/wp-json\/wp\/v2\/users\/1"}],"replies":[{"embeddable":true,"href":"https:\/\/filtrocapacitivo.com.br\/blog\/wp-json\/wp\/v2\/comments?post=2484"}],"version-history":[{"count":1,"href":"https:\/\/filtrocapacitivo.com.br\/blog\/wp-json\/wp\/v2\/posts\/2484\/revisions"}],"predecessor-version":[{"id":2487,"href":"https:\/\/filtrocapacitivo.com.br\/blog\/wp-json\/wp\/v2\/posts\/2484\/revisions\/2487"}],"wp:featuredmedia":[{"embeddable":true,"href":"https:\/\/filtrocapacitivo.com.br\/blog\/wp-json\/wp\/v2\/media\/2486"}],"wp:attachment":[{"href":"https:\/\/filtrocapacitivo.com.br\/blog\/wp-json\/wp\/v2\/media?parent=2484"}],"wp:term":[{"taxonomy":"category","embeddable":true,"href":"https:\/\/filtrocapacitivo.com.br\/blog\/wp-json\/wp\/v2\/categories?post=2484"},{"taxonomy":"post_tag","embeddable":true,"href":"https:\/\/filtrocapacitivo.com.br\/blog\/wp-json\/wp\/v2\/tags?post=2484"}],"curies":[{"name":"wp","href":"https:\/\/api.w.org\/{rel}","templated":true}]}}