{"id":2493,"date":"2024-10-01T11:16:33","date_gmt":"2024-10-01T14:16:33","guid":{"rendered":"https:\/\/filtrocapacitivo.com.br\/blog\/?p=2493"},"modified":"2024-11-05T11:22:09","modified_gmt":"2024-11-05T14:22:09","slug":"bandeira-vermelha-patamar-2-no-mes-de-outubro","status":"publish","type":"post","link":"https:\/\/filtrocapacitivo.com.br\/blog\/bandeira-vermelha-patamar-2-no-mes-de-outubro\/","title":{"rendered":"Bandeira vermelha patamar 2 no m\u00eas de outubro"},"content":{"rendered":"<p><span style=\"font-weight: 300;\">A Ag\u00eancia Nacional de Energia El\u00e9trica (Aneel) anunciou que, a partir de outubro, uma bandeira tarif\u00e1ria vermelha patamar 2 ser\u00e1 acionada, resultando em uma cobran\u00e7a adicional de R$ 7,87 a cada 100 quilowatt-hora (kWh) consumidos. Essa mudan\u00e7a representa um aumento em compara\u00e7\u00e3o com setembro, quando a bandeira tarif\u00e1ria era vermelha, mas no patamar 1.<\/span><\/p>\n<p><img loading=\"lazy\" decoding=\"async\" class=\"wp-image-2494 aligncenter\" src=\"https:\/\/filtrocapacitivo.com.br\/blog\/wp-content\/uploads\/2024\/11\/Captura-de-tela-2024-11-05-112032-300x300.png\" alt=\"\" width=\"430\" height=\"430\" srcset=\"https:\/\/filtrocapacitivo.com.br\/blog\/wp-content\/uploads\/2024\/11\/Captura-de-tela-2024-11-05-112032-300x300.png 300w, https:\/\/filtrocapacitivo.com.br\/blog\/wp-content\/uploads\/2024\/11\/Captura-de-tela-2024-11-05-112032-150x150.png 150w, https:\/\/filtrocapacitivo.com.br\/blog\/wp-content\/uploads\/2024\/11\/Captura-de-tela-2024-11-05-112032-146x146.png 146w, https:\/\/filtrocapacitivo.com.br\/blog\/wp-content\/uploads\/2024\/11\/Captura-de-tela-2024-11-05-112032-50x50.png 50w, https:\/\/filtrocapacitivo.com.br\/blog\/wp-content\/uploads\/2024\/11\/Captura-de-tela-2024-11-05-112032-75x75.png 75w, https:\/\/filtrocapacitivo.com.br\/blog\/wp-content\/uploads\/2024\/11\/Captura-de-tela-2024-11-05-112032-85x85.png 85w, https:\/\/filtrocapacitivo.com.br\/blog\/wp-content\/uploads\/2024\/11\/Captura-de-tela-2024-11-05-112032-80x80.png 80w, https:\/\/filtrocapacitivo.com.br\/blog\/wp-content\/uploads\/2024\/11\/Captura-de-tela-2024-11-05-112032.png 368w\" sizes=\"auto, (max-width: 430px) 100vw, 430px\" \/><\/p>\n<p><span style=\"font-weight: 300;\">A decis\u00e3o foi tomada devido a dois fatores principais: o risco hidrol\u00f3gico, causado pela baixa incid\u00eancia de chuvas, e o aumento no pre\u00e7o de refer\u00eancia da energia, agravado pela seca. Ambos os fatores apontam para um cen\u00e1rio de gera\u00e7\u00e3o de energia mais cara.<\/span><\/p>\n<p><span style=\"font-weight: 300;\">A seca na regi\u00e3o Norte do pa\u00eds tem impactado a produ\u00e7\u00e3o de energia por usinas hidrel\u00e9tricas, que est\u00e3o operando com menor capacidade.<\/span><\/p>\n<p><span style=\"font-weight: 300;\">A \u00faltima vez que a bandeira vermelha foi acionada havia sido em agosto de 2021, durante uma crise h\u00eddrica. Logo ap\u00f3s, em setembro do mesmo ano, a Aneel implementou a bandeira &#8220;escassez h\u00eddrica&#8221;, a mais cara de todas, para atender \u00e0 demanda energ\u00e9tica do pa\u00eds em um per\u00edodo de seca severa. Essa bandeira vigorou at\u00e9 abril de 2022, quando a bandeira verde foi restabelecida, eliminando a cobran\u00e7a adicional na conta de luz.<\/span><\/p>\n<p><span style=\"font-weight: 300;\">Venha conhecer mais sobre os filtros capacitivos. Fale com nossos consultores pelo telefone:\u00a0<\/span><a href=\"tel:08130890606\"><span style=\"font-weight: 300;\">(81) 3089-0606<\/span><\/a><span style=\"font-weight: 300;\">, fale pelo WhatsApp:\u00a0<\/span><a href=\"https:\/\/wa.me\/5581998710126\"><span style=\"font-weight: 300;\">(81) 99871-0126<\/span><\/a><span style=\"font-weight: 300;\">\u00a0ou preencha o\u00a0<\/span><a href=\"https:\/\/filtrocapacitivo.com.br\/contato\"><span style=\"font-weight: 300;\">formul\u00e1rio<\/span><\/a><span style=\"font-weight: 300;\">.<\/span><\/p>\n","protected":false},"excerpt":{"rendered":"<p>A Ag\u00eancia Nacional de Energia El\u00e9trica (Aneel) anunciou que, a partir de outubro, uma bandeira tarif\u00e1ria vermelha patamar 2 ser\u00e1 acionada, resultando em uma cobran\u00e7a adicional<span class=\"excerpt-hellip\"> [\u2026]<\/span><\/p>\n","protected":false},"author":1,"featured_media":2495,"comment_status":"closed","ping_status":"closed","sticky":false,"template":"","format":"standard","meta":{"footnotes":""},"categories":[5],"tags":[],"class_list":["post-2493","post","type-post","status-publish","format-standard","has-post-thumbnail","hentry","category-noticias"],"_links":{"self":[{"href":"https:\/\/filtrocapacitivo.com.br\/blog\/wp-json\/wp\/v2\/posts\/2493","targetHints":{"allow":["GET"]}}],"collection":[{"href":"https:\/\/filtrocapacitivo.com.br\/blog\/wp-json\/wp\/v2\/posts"}],"about":[{"href":"https:\/\/filtrocapacitivo.com.br\/blog\/wp-json\/wp\/v2\/types\/post"}],"author":[{"embeddable":true,"href":"https:\/\/filtrocapacitivo.com.br\/blog\/wp-json\/wp\/v2\/users\/1"}],"replies":[{"embeddable":true,"href":"https:\/\/filtrocapacitivo.com.br\/blog\/wp-json\/wp\/v2\/comments?post=2493"}],"version-history":[{"count":1,"href":"https:\/\/filtrocapacitivo.com.br\/blog\/wp-json\/wp\/v2\/posts\/2493\/revisions"}],"predecessor-version":[{"id":2496,"href":"https:\/\/filtrocapacitivo.com.br\/blog\/wp-json\/wp\/v2\/posts\/2493\/revisions\/2496"}],"wp:featuredmedia":[{"embeddable":true,"href":"https:\/\/filtrocapacitivo.com.br\/blog\/wp-json\/wp\/v2\/media\/2495"}],"wp:attachment":[{"href":"https:\/\/filtrocapacitivo.com.br\/blog\/wp-json\/wp\/v2\/media?parent=2493"}],"wp:term":[{"taxonomy":"category","embeddable":true,"href":"https:\/\/filtrocapacitivo.com.br\/blog\/wp-json\/wp\/v2\/categories?post=2493"},{"taxonomy":"post_tag","embeddable":true,"href":"https:\/\/filtrocapacitivo.com.br\/blog\/wp-json\/wp\/v2\/tags?post=2493"}],"curies":[{"name":"wp","href":"https:\/\/api.w.org\/{rel}","templated":true}]}}