{"id":2504,"date":"2024-10-15T12:00:03","date_gmt":"2024-10-15T15:00:03","guid":{"rendered":"https:\/\/filtrocapacitivo.com.br\/blog\/?p=2504"},"modified":"2024-11-06T22:07:01","modified_gmt":"2024-11-07T01:07:01","slug":"voce-sabe-porque-a-lumilight-do-brasil-oferece-10-anos-de-garantia","status":"publish","type":"post","link":"https:\/\/filtrocapacitivo.com.br\/blog\/voce-sabe-porque-a-lumilight-do-brasil-oferece-10-anos-de-garantia\/","title":{"rendered":"Voc\u00ea sabe porque a Lumilight do Brasil\u00ae oferece 10 anos de garantia?"},"content":{"rendered":"<p><span style=\"font-weight: 300;\">A confian\u00e7a que a Lumilight do Brasil\u00ae tem em seus filtros capacitivos \u00e9 fruto de uma longa hist\u00f3ria de qualidade e resist\u00eancia. Com milhares de filtros instalados em empresas, ind\u00fastrias e resid\u00eancias h\u00e1 mais de 12 anos, os equipamentos continuam em pleno funcionamento, sem sofrer com os efeitos do tempo. Esse hist\u00f3rico de durabilidade foi comprovado ao analisar uma amostragem significativa dos filtros instalados, onde a maioria das desinstala\u00e7\u00f5es ocorreu apenas por motivos como mudan\u00e7a de endere\u00e7o ou fal\u00eancia das empresas, sem rela\u00e7\u00e3o com falhas t\u00e9cnicas ou degrada\u00e7\u00e3o dos equipamentos.<\/span><\/p>\n<p>&nbsp;<\/p>\n<p><img loading=\"lazy\" decoding=\"async\" class=\"wp-image-2505 aligncenter\" src=\"https:\/\/filtrocapacitivo.com.br\/blog\/wp-content\/uploads\/2024\/11\/15.10-blog-300x300.jpg\" alt=\"\" width=\"413\" height=\"413\" srcset=\"https:\/\/filtrocapacitivo.com.br\/blog\/wp-content\/uploads\/2024\/11\/15.10-blog-300x300.jpg 300w, https:\/\/filtrocapacitivo.com.br\/blog\/wp-content\/uploads\/2024\/11\/15.10-blog-1024x1024.jpg 1024w, https:\/\/filtrocapacitivo.com.br\/blog\/wp-content\/uploads\/2024\/11\/15.10-blog-150x150.jpg 150w, https:\/\/filtrocapacitivo.com.br\/blog\/wp-content\/uploads\/2024\/11\/15.10-blog-768x768.jpg 768w, https:\/\/filtrocapacitivo.com.br\/blog\/wp-content\/uploads\/2024\/11\/15.10-blog-500x500.jpg 500w, https:\/\/filtrocapacitivo.com.br\/blog\/wp-content\/uploads\/2024\/11\/15.10-blog-400x400.jpg 400w, https:\/\/filtrocapacitivo.com.br\/blog\/wp-content\/uploads\/2024\/11\/15.10-blog-146x146.jpg 146w, https:\/\/filtrocapacitivo.com.br\/blog\/wp-content\/uploads\/2024\/11\/15.10-blog-50x50.jpg 50w, https:\/\/filtrocapacitivo.com.br\/blog\/wp-content\/uploads\/2024\/11\/15.10-blog-75x75.jpg 75w, https:\/\/filtrocapacitivo.com.br\/blog\/wp-content\/uploads\/2024\/11\/15.10-blog-85x85.jpg 85w, https:\/\/filtrocapacitivo.com.br\/blog\/wp-content\/uploads\/2024\/11\/15.10-blog-80x80.jpg 80w, https:\/\/filtrocapacitivo.com.br\/blog\/wp-content\/uploads\/2024\/11\/15.10-blog.jpg 1080w\" sizes=\"auto, (max-width: 413px) 100vw, 413px\" \/><\/p>\n<p>&nbsp;<\/p>\n<p><span style=\"font-weight: 300;\">Al\u00e9m disso, os filtros da Lumilight passaram por testes rigorosos realizados por institui\u00e7\u00f5es renomadas, que comprovaram sua resist\u00eancia e alta performance ao longo dos anos. Os laudos t\u00e9cnicos emitidos ap\u00f3s essas an\u00e1lises garantem que os filtros suportam o desgaste natural de uso sem perder a efici\u00eancia. Por esses motivos, a Lumilight do Brasil\u00ae oferece 10 anos de garantia em seus filtros capacitivos, assegurando que seus clientes possam confiar na durabilidade e seguran\u00e7a dos equipamentos. Afinal, quando a qualidade \u00e9 comprovada ao longo de anos de uso, a confian\u00e7a \u00e9 natural.<\/span><\/p>\n<p>&nbsp;<\/p>\n<p><span style=\"font-weight: 300;\">Venha conhecer mais sobre os filtros capacitivos. Fale com nossos consultores pelo telefone:\u00a0<\/span><a href=\"tel:08130890606\"><span style=\"font-weight: 300;\">(81) 3089-0606<\/span><\/a><span style=\"font-weight: 300;\">, fale pelo WhatsApp:\u00a0<\/span><a href=\"https:\/\/wa.me\/5581998710126\"><span style=\"font-weight: 300;\">(81) 99871-0126<\/span><\/a><span style=\"font-weight: 300;\">\u00a0ou preencha o\u00a0<\/span><a href=\"https:\/\/filtrocapacitivo.com.br\/contato\"><span style=\"font-weight: 300;\">formul\u00e1rio<\/span><\/a><span style=\"font-weight: 300;\">.<\/span><\/p>\n","protected":false},"excerpt":{"rendered":"<p>A confian\u00e7a que a Lumilight do Brasil\u00ae tem em seus filtros capacitivos \u00e9 fruto de uma longa hist\u00f3ria de qualidade e resist\u00eancia. Com milhares de filtros<span class=\"excerpt-hellip\"> [\u2026]<\/span><\/p>\n","protected":false},"author":1,"featured_media":2506,"comment_status":"closed","ping_status":"closed","sticky":false,"template":"","format":"standard","meta":{"footnotes":""},"categories":[5],"tags":[],"class_list":["post-2504","post","type-post","status-publish","format-standard","has-post-thumbnail","hentry","category-noticias"],"_links":{"self":[{"href":"https:\/\/filtrocapacitivo.com.br\/blog\/wp-json\/wp\/v2\/posts\/2504","targetHints":{"allow":["GET"]}}],"collection":[{"href":"https:\/\/filtrocapacitivo.com.br\/blog\/wp-json\/wp\/v2\/posts"}],"about":[{"href":"https:\/\/filtrocapacitivo.com.br\/blog\/wp-json\/wp\/v2\/types\/post"}],"author":[{"embeddable":true,"href":"https:\/\/filtrocapacitivo.com.br\/blog\/wp-json\/wp\/v2\/users\/1"}],"replies":[{"embeddable":true,"href":"https:\/\/filtrocapacitivo.com.br\/blog\/wp-json\/wp\/v2\/comments?post=2504"}],"version-history":[{"count":1,"href":"https:\/\/filtrocapacitivo.com.br\/blog\/wp-json\/wp\/v2\/posts\/2504\/revisions"}],"predecessor-version":[{"id":2507,"href":"https:\/\/filtrocapacitivo.com.br\/blog\/wp-json\/wp\/v2\/posts\/2504\/revisions\/2507"}],"wp:featuredmedia":[{"embeddable":true,"href":"https:\/\/filtrocapacitivo.com.br\/blog\/wp-json\/wp\/v2\/media\/2506"}],"wp:attachment":[{"href":"https:\/\/filtrocapacitivo.com.br\/blog\/wp-json\/wp\/v2\/media?parent=2504"}],"wp:term":[{"taxonomy":"category","embeddable":true,"href":"https:\/\/filtrocapacitivo.com.br\/blog\/wp-json\/wp\/v2\/categories?post=2504"},{"taxonomy":"post_tag","embeddable":true,"href":"https:\/\/filtrocapacitivo.com.br\/blog\/wp-json\/wp\/v2\/tags?post=2504"}],"curies":[{"name":"wp","href":"https:\/\/api.w.org\/{rel}","templated":true}]}}