{"id":2523,"date":"2024-11-05T11:00:31","date_gmt":"2024-11-05T14:00:31","guid":{"rendered":"https:\/\/filtrocapacitivo.com.br\/blog\/?p=2523"},"modified":"2025-01-31T15:23:56","modified_gmt":"2025-01-31T18:23:56","slug":"filtros-capacitivos-lumilight-do-brasil-exclusiva-tecnologia-open-type-certificada-globalmente-pela-ul","status":"publish","type":"post","link":"https:\/\/filtrocapacitivo.com.br\/blog\/filtros-capacitivos-lumilight-do-brasil-exclusiva-tecnologia-open-type-certificada-globalmente-pela-ul\/","title":{"rendered":"Filtros capacitivos Lumilight do Brasil\u00ae: exclusiva tecnologia open type certificada globalmente pela UL"},"content":{"rendered":"<p><span style=\"font-weight: 300;\">A Lumilight do Brasil\u00ae apresenta uma exclusividade no mercado de Filtros Capacitivos: somos a \u00fanica tecnologia open type certificada globalmente pela UL. Essa certifica\u00e7\u00e3o da UL (Underwriters Laboratories), uma das principais autoridades em normas e certifica\u00e7\u00f5es de seguran\u00e7a e qualidade no mundo, comprova que nossos produtos atendem aos mais rigorosos padr\u00f5es internacionais de seguran\u00e7a e efici\u00eancia.<\/span><\/p>\n<p><img loading=\"lazy\" decoding=\"async\" class=\"alignnone wp-image-2524 aligncenter\" src=\"https:\/\/filtrocapacitivo.com.br\/blog\/wp-content\/uploads\/2025\/01\/05.11-blog-300x300.jpg\" alt=\"\" width=\"337\" height=\"337\" srcset=\"https:\/\/filtrocapacitivo.com.br\/blog\/wp-content\/uploads\/2025\/01\/05.11-blog-300x300.jpg 300w, https:\/\/filtrocapacitivo.com.br\/blog\/wp-content\/uploads\/2025\/01\/05.11-blog-1024x1024.jpg 1024w, https:\/\/filtrocapacitivo.com.br\/blog\/wp-content\/uploads\/2025\/01\/05.11-blog-150x150.jpg 150w, https:\/\/filtrocapacitivo.com.br\/blog\/wp-content\/uploads\/2025\/01\/05.11-blog-768x768.jpg 768w, https:\/\/filtrocapacitivo.com.br\/blog\/wp-content\/uploads\/2025\/01\/05.11-blog-500x500.jpg 500w, https:\/\/filtrocapacitivo.com.br\/blog\/wp-content\/uploads\/2025\/01\/05.11-blog-400x400.jpg 400w, https:\/\/filtrocapacitivo.com.br\/blog\/wp-content\/uploads\/2025\/01\/05.11-blog-146x146.jpg 146w, https:\/\/filtrocapacitivo.com.br\/blog\/wp-content\/uploads\/2025\/01\/05.11-blog-50x50.jpg 50w, https:\/\/filtrocapacitivo.com.br\/blog\/wp-content\/uploads\/2025\/01\/05.11-blog-75x75.jpg 75w, https:\/\/filtrocapacitivo.com.br\/blog\/wp-content\/uploads\/2025\/01\/05.11-blog-85x85.jpg 85w, https:\/\/filtrocapacitivo.com.br\/blog\/wp-content\/uploads\/2025\/01\/05.11-blog-80x80.jpg 80w, https:\/\/filtrocapacitivo.com.br\/blog\/wp-content\/uploads\/2025\/01\/05.11-blog.jpg 1080w\" sizes=\"auto, (max-width: 337px) 100vw, 337px\" \/><\/p>\n<p>&nbsp;<\/p>\n<p><span style=\"font-weight: 300;\">O selo da UL \u00e9 reconhecido mundialmente e representa um diferencial significativo para empresas que desejam assegurar a m\u00e1xima confiabilidade e qualidade em seus produtos. Essa certifica\u00e7\u00e3o \u00e9 especialmente importante para uma empresa como a Lumilight, que preza pela excel\u00eancia no desempenho de seus equipamentos e na seguran\u00e7a dos sistemas el\u00e9tricos em que s\u00e3o aplicados.<\/span><\/p>\n<p>&nbsp;<\/p>\n<p><span style=\"font-weight: 300;\">Com nossos Filtros Capacitivos certificados, garantimos n\u00e3o s\u00f3 a otimiza\u00e7\u00e3o dos sistemas el\u00e9tricos e a melhoria no consumo de energia, mas tamb\u00e9m a redu\u00e7\u00e3o de custos de manuten\u00e7\u00e3o para nossos clientes. Essa conquista refor\u00e7a o nosso compromisso com a inova\u00e7\u00e3o e a qualidade, oferecendo solu\u00e7\u00f5es confi\u00e1veis e eficientes para o mercado.<\/span><\/p>\n<p><span style=\"font-weight: 300;\">Venha conhecer mais sobre os filtros capacitivos. Fale com nossos consultores pelo telefone:\u00a0<\/span><a href=\"tel:08130890606\"><span style=\"font-weight: 300;\">(81) 3089-0606<\/span><\/a><span style=\"font-weight: 300;\">, fale pelo WhatsApp:\u00a0<\/span><a href=\"https:\/\/wa.me\/5581998710126\"><span style=\"font-weight: 300;\">(81) 99871-0126<\/span><\/a><span style=\"font-weight: 300;\">\u00a0ou preencha o\u00a0<\/span><a href=\"https:\/\/filtrocapacitivo.com.br\/contato\"><span style=\"font-weight: 300;\">formul\u00e1rio<\/span><\/a><span style=\"font-weight: 300;\">.<\/span><\/p>\n","protected":false},"excerpt":{"rendered":"<p>A Lumilight do Brasil\u00ae apresenta uma exclusividade no mercado de Filtros Capacitivos: somos a \u00fanica tecnologia open type certificada globalmente pela UL. Essa certifica\u00e7\u00e3o da UL<span class=\"excerpt-hellip\"> [\u2026]<\/span><\/p>\n","protected":false},"author":1,"featured_media":2524,"comment_status":"closed","ping_status":"closed","sticky":false,"template":"","format":"standard","meta":{"footnotes":""},"categories":[5],"tags":[],"class_list":["post-2523","post","type-post","status-publish","format-standard","has-post-thumbnail","hentry","category-noticias"],"_links":{"self":[{"href":"https:\/\/filtrocapacitivo.com.br\/blog\/wp-json\/wp\/v2\/posts\/2523","targetHints":{"allow":["GET"]}}],"collection":[{"href":"https:\/\/filtrocapacitivo.com.br\/blog\/wp-json\/wp\/v2\/posts"}],"about":[{"href":"https:\/\/filtrocapacitivo.com.br\/blog\/wp-json\/wp\/v2\/types\/post"}],"author":[{"embeddable":true,"href":"https:\/\/filtrocapacitivo.com.br\/blog\/wp-json\/wp\/v2\/users\/1"}],"replies":[{"embeddable":true,"href":"https:\/\/filtrocapacitivo.com.br\/blog\/wp-json\/wp\/v2\/comments?post=2523"}],"version-history":[{"count":1,"href":"https:\/\/filtrocapacitivo.com.br\/blog\/wp-json\/wp\/v2\/posts\/2523\/revisions"}],"predecessor-version":[{"id":2525,"href":"https:\/\/filtrocapacitivo.com.br\/blog\/wp-json\/wp\/v2\/posts\/2523\/revisions\/2525"}],"wp:featuredmedia":[{"embeddable":true,"href":"https:\/\/filtrocapacitivo.com.br\/blog\/wp-json\/wp\/v2\/media\/2524"}],"wp:attachment":[{"href":"https:\/\/filtrocapacitivo.com.br\/blog\/wp-json\/wp\/v2\/media?parent=2523"}],"wp:term":[{"taxonomy":"category","embeddable":true,"href":"https:\/\/filtrocapacitivo.com.br\/blog\/wp-json\/wp\/v2\/categories?post=2523"},{"taxonomy":"post_tag","embeddable":true,"href":"https:\/\/filtrocapacitivo.com.br\/blog\/wp-json\/wp\/v2\/tags?post=2523"}],"curies":[{"name":"wp","href":"https:\/\/api.w.org\/{rel}","templated":true}]}}