{"id":26,"date":"2013-09-10T20:46:21","date_gmt":"2013-09-10T20:46:21","guid":{"rendered":"http:\/\/filtrocapacitivo.com.br\/blog\/?p=26"},"modified":"2013-09-10T20:46:21","modified_gmt":"2013-09-10T20:46:21","slug":"brasileiros-estao-consumindo-mais-carga-de-energia-nacional-sobe","status":"publish","type":"post","link":"https:\/\/filtrocapacitivo.com.br\/blog\/brasileiros-estao-consumindo-mais-carga-de-energia-nacional-sobe\/","title":{"rendered":"Brasileiros est\u00e3o consumindo mais: Carga de energia nacional sobe 4,8%"},"content":{"rendered":"<p>Carga de energia brasileira subiu 4,8% ap\u00f3s regi\u00e3o norte ser adicionada ao Sistema Interligado Nacional (SIN), consumo de energia nacional vem em crescente demanda.<\/p>\n<p>Regi\u00e3o Nordeste obteve alta de 5,7% no consumo de energia el\u00e9trica, n\u00fameros que crescem cada vez mais, aumento impulsionado diretamente pelo grande n\u00famero de ind\u00fastrias em processo de instala\u00e7\u00e3o na regi\u00e3o e por altas no consumo el\u00e9trico residencial. Sudeste e Centro-Oeste t\u00eam alta de 2,5% na carga, aumento este tamb\u00e9m referente ao setor industrial.<\/p>\n","protected":false},"excerpt":{"rendered":"<p>Carga de energia brasileira subiu 4,8% ap\u00f3s regi\u00e3o norte ser adicionada ao Sistema Interligado Nacional (SIN), consumo de energia nacional vem em crescente demanda. Regi\u00e3o Nordeste<span class=\"excerpt-hellip\"> [\u2026]<\/span><\/p>\n","protected":false},"author":1,"featured_media":0,"comment_status":"open","ping_status":"open","sticky":false,"template":"","format":"standard","meta":{"footnotes":""},"categories":[5],"tags":[],"class_list":["post-26","post","type-post","status-publish","format-standard","hentry","category-noticias"],"_links":{"self":[{"href":"https:\/\/filtrocapacitivo.com.br\/blog\/wp-json\/wp\/v2\/posts\/26","targetHints":{"allow":["GET"]}}],"collection":[{"href":"https:\/\/filtrocapacitivo.com.br\/blog\/wp-json\/wp\/v2\/posts"}],"about":[{"href":"https:\/\/filtrocapacitivo.com.br\/blog\/wp-json\/wp\/v2\/types\/post"}],"author":[{"embeddable":true,"href":"https:\/\/filtrocapacitivo.com.br\/blog\/wp-json\/wp\/v2\/users\/1"}],"replies":[{"embeddable":true,"href":"https:\/\/filtrocapacitivo.com.br\/blog\/wp-json\/wp\/v2\/comments?post=26"}],"version-history":[{"count":1,"href":"https:\/\/filtrocapacitivo.com.br\/blog\/wp-json\/wp\/v2\/posts\/26\/revisions"}],"predecessor-version":[{"id":27,"href":"https:\/\/filtrocapacitivo.com.br\/blog\/wp-json\/wp\/v2\/posts\/26\/revisions\/27"}],"wp:attachment":[{"href":"https:\/\/filtrocapacitivo.com.br\/blog\/wp-json\/wp\/v2\/media?parent=26"}],"wp:term":[{"taxonomy":"category","embeddable":true,"href":"https:\/\/filtrocapacitivo.com.br\/blog\/wp-json\/wp\/v2\/categories?post=26"},{"taxonomy":"post_tag","embeddable":true,"href":"https:\/\/filtrocapacitivo.com.br\/blog\/wp-json\/wp\/v2\/tags?post=26"}],"curies":[{"name":"wp","href":"https:\/\/api.w.org\/{rel}","templated":true}]}}