{"id":2623,"date":"2025-02-05T11:00:41","date_gmt":"2025-02-05T14:00:41","guid":{"rendered":"https:\/\/filtrocapacitivo.com.br\/blog\/?p=2623"},"modified":"2025-05-29T15:53:06","modified_gmt":"2025-05-29T18:53:06","slug":"lumilight-do-brasil-na-revista-abinee-certificacao-ul-listed","status":"publish","type":"post","link":"https:\/\/filtrocapacitivo.com.br\/blog\/lumilight-do-brasil-na-revista-abinee-certificacao-ul-listed\/","title":{"rendered":"Lumilight do Brasil\u00ae na revista Abinee: certifica\u00e7\u00e3o UL Listed"},"content":{"rendered":"<p><span style=\"font-weight: 300;\">Como j\u00e1 divulgamos aqui, o filtro capacitivo da Lumilight do Brasil\u00ae recebeu a certifica\u00e7\u00e3o UL Listed, um dos mais importantes reconhecimentos internacionais em seguran\u00e7a, qualidade e confiabilidade.<\/span><\/p>\n<p><img loading=\"lazy\" decoding=\"async\" class=\"size-medium wp-image-2624 aligncenter\" src=\"https:\/\/filtrocapacitivo.com.br\/blog\/wp-content\/uploads\/2025\/05\/05.02-blog-240x300.jpg\" alt=\"\" width=\"240\" height=\"300\" srcset=\"https:\/\/filtrocapacitivo.com.br\/blog\/wp-content\/uploads\/2025\/05\/05.02-blog-240x300.jpg 240w, https:\/\/filtrocapacitivo.com.br\/blog\/wp-content\/uploads\/2025\/05\/05.02-blog-819x1024.jpg 819w, https:\/\/filtrocapacitivo.com.br\/blog\/wp-content\/uploads\/2025\/05\/05.02-blog-768x960.jpg 768w, https:\/\/filtrocapacitivo.com.br\/blog\/wp-content\/uploads\/2025\/05\/05.02-blog-117x146.jpg 117w, https:\/\/filtrocapacitivo.com.br\/blog\/wp-content\/uploads\/2025\/05\/05.02-blog-40x50.jpg 40w, https:\/\/filtrocapacitivo.com.br\/blog\/wp-content\/uploads\/2025\/05\/05.02-blog-60x75.jpg 60w, https:\/\/filtrocapacitivo.com.br\/blog\/wp-content\/uploads\/2025\/05\/05.02-blog.jpg 1136w\" sizes=\"auto, (max-width: 240px) 100vw, 240px\" \/><\/p>\n<p><span style=\"font-weight: 300;\">Esse feito refor\u00e7a o compromisso da Lumilight com a excel\u00eancia e a inova\u00e7\u00e3o tecnol\u00f3gica, consolidando nossa posi\u00e7\u00e3o de destaque no mercado. Somos pioneiros globais ao possuir o \u00fanico filtro EMI do tipo aberto no mundo certificado pela UL para capta\u00e7\u00e3o de perturba\u00e7\u00f5es eletromagn\u00e9ticas.<\/span><\/p>\n<p><span style=\"font-weight: 300;\">Essa conquista foi reconhecida na edi\u00e7\u00e3o 108 da Revista Abinee, refer\u00eancia no setor eletroeletr\u00f4nico. Na Coluna das Associadas, a marca da Lumilight aparece com o an\u00fancio dessa certifica\u00e7\u00e3o, evidenciando nosso compromisso com a seguran\u00e7a e a efici\u00eancia energ\u00e9tica.<\/span><\/p>\n<p><span style=\"font-weight: 300;\">O trabalho cont\u00ednuo e a dedica\u00e7\u00e3o de mais de um ano e nove meses nos trouxeram at\u00e9 aqui, e seguimos firmes na miss\u00e3o de oferecer solu\u00e7\u00f5es cada vez mais inovadoras e confi\u00e1veis.<\/span><\/p>\n<p><span style=\"font-weight: 300;\">Venha conhecer mais sobre os filtros capacitivos. Fale com nossos consultores pelo telefone:\u00a0<\/span><a href=\"tel:08130890606\"><span style=\"font-weight: 300;\">(81) 3089-0606<\/span><\/a><span style=\"font-weight: 300;\">, fale pelo WhatsApp:\u00a0<\/span><a href=\"https:\/\/wa.me\/5581998710126\"><span style=\"font-weight: 300;\">(81) 99871-0126<\/span><\/a><span style=\"font-weight: 300;\">\u00a0ou preencha o\u00a0<\/span><a href=\"https:\/\/filtrocapacitivo.com.br\/contato\"><span style=\"font-weight: 300;\">formul\u00e1rio<\/span><\/a><span style=\"font-weight: 300;\">.<\/span><\/p>\n","protected":false},"excerpt":{"rendered":"<p>Como j\u00e1 divulgamos aqui, o filtro capacitivo da Lumilight do Brasil\u00ae recebeu a certifica\u00e7\u00e3o UL Listed, um dos mais importantes reconhecimentos internacionais em seguran\u00e7a, qualidade e<span class=\"excerpt-hellip\"> [\u2026]<\/span><\/p>\n","protected":false},"author":1,"featured_media":2624,"comment_status":"closed","ping_status":"closed","sticky":false,"template":"","format":"standard","meta":{"footnotes":""},"categories":[5],"tags":[],"class_list":["post-2623","post","type-post","status-publish","format-standard","has-post-thumbnail","hentry","category-noticias"],"_links":{"self":[{"href":"https:\/\/filtrocapacitivo.com.br\/blog\/wp-json\/wp\/v2\/posts\/2623","targetHints":{"allow":["GET"]}}],"collection":[{"href":"https:\/\/filtrocapacitivo.com.br\/blog\/wp-json\/wp\/v2\/posts"}],"about":[{"href":"https:\/\/filtrocapacitivo.com.br\/blog\/wp-json\/wp\/v2\/types\/post"}],"author":[{"embeddable":true,"href":"https:\/\/filtrocapacitivo.com.br\/blog\/wp-json\/wp\/v2\/users\/1"}],"replies":[{"embeddable":true,"href":"https:\/\/filtrocapacitivo.com.br\/blog\/wp-json\/wp\/v2\/comments?post=2623"}],"version-history":[{"count":1,"href":"https:\/\/filtrocapacitivo.com.br\/blog\/wp-json\/wp\/v2\/posts\/2623\/revisions"}],"predecessor-version":[{"id":2625,"href":"https:\/\/filtrocapacitivo.com.br\/blog\/wp-json\/wp\/v2\/posts\/2623\/revisions\/2625"}],"wp:featuredmedia":[{"embeddable":true,"href":"https:\/\/filtrocapacitivo.com.br\/blog\/wp-json\/wp\/v2\/media\/2624"}],"wp:attachment":[{"href":"https:\/\/filtrocapacitivo.com.br\/blog\/wp-json\/wp\/v2\/media?parent=2623"}],"wp:term":[{"taxonomy":"category","embeddable":true,"href":"https:\/\/filtrocapacitivo.com.br\/blog\/wp-json\/wp\/v2\/categories?post=2623"},{"taxonomy":"post_tag","embeddable":true,"href":"https:\/\/filtrocapacitivo.com.br\/blog\/wp-json\/wp\/v2\/tags?post=2623"}],"curies":[{"name":"wp","href":"https:\/\/api.w.org\/{rel}","templated":true}]}}