{"id":267,"date":"2015-11-23T15:10:06","date_gmt":"2015-11-23T15:10:06","guid":{"rendered":"http:\/\/filtrocapacitivo.com.br\/blog\/?p=267"},"modified":"2015-11-23T15:10:06","modified_gmt":"2015-11-23T15:10:06","slug":"informativo-lumilight-do-brasil-7","status":"publish","type":"post","link":"https:\/\/filtrocapacitivo.com.br\/blog\/informativo-lumilight-do-brasil-7\/","title":{"rendered":"INFORMATIVO LUMILIGHT DO BRASIL"},"content":{"rendered":"<p>BOA TARDE!!<\/p>\n<p>Caros Distribuidores,\u00a0na semana passada o Jornal Nacional exibiu uma s\u00e9rie de reportagens sobre os Res\u00edduos Eletroeletr\u00f4nicos. Envio o link para a mat\u00e9ria veiculada no dia (10\/11), onde abordaram a quest\u00e3o da log\u00edstica reversa e acordo setorial, contando com a participa\u00e7\u00e3o do Diretor de Sustentabilidade da ABINEE, Jo\u00e3o C. Redondo. <a href=\"http:\/\/www.abinee.org.br\/informac\/arquivos\/jn101115.wmv\">http:\/\/www.abinee.org.br\/informac\/arquivos\/jn101115.wmv \u00a0<\/a><\/p>\n","protected":false},"excerpt":{"rendered":"<p>BOA TARDE!! Caros Distribuidores,\u00a0na semana passada o Jornal Nacional exibiu uma s\u00e9rie de reportagens sobre os Res\u00edduos Eletroeletr\u00f4nicos. Envio o link para a mat\u00e9ria veiculada no<span class=\"excerpt-hellip\"> [\u2026]<\/span><\/p>\n","protected":false},"author":1,"featured_media":0,"comment_status":"open","ping_status":"open","sticky":false,"template":"","format":"standard","meta":{"footnotes":""},"categories":[1],"tags":[],"class_list":["post-267","post","type-post","status-publish","format-standard","hentry","category-filtros-capacitivos"],"_links":{"self":[{"href":"https:\/\/filtrocapacitivo.com.br\/blog\/wp-json\/wp\/v2\/posts\/267","targetHints":{"allow":["GET"]}}],"collection":[{"href":"https:\/\/filtrocapacitivo.com.br\/blog\/wp-json\/wp\/v2\/posts"}],"about":[{"href":"https:\/\/filtrocapacitivo.com.br\/blog\/wp-json\/wp\/v2\/types\/post"}],"author":[{"embeddable":true,"href":"https:\/\/filtrocapacitivo.com.br\/blog\/wp-json\/wp\/v2\/users\/1"}],"replies":[{"embeddable":true,"href":"https:\/\/filtrocapacitivo.com.br\/blog\/wp-json\/wp\/v2\/comments?post=267"}],"version-history":[{"count":1,"href":"https:\/\/filtrocapacitivo.com.br\/blog\/wp-json\/wp\/v2\/posts\/267\/revisions"}],"predecessor-version":[{"id":268,"href":"https:\/\/filtrocapacitivo.com.br\/blog\/wp-json\/wp\/v2\/posts\/267\/revisions\/268"}],"wp:attachment":[{"href":"https:\/\/filtrocapacitivo.com.br\/blog\/wp-json\/wp\/v2\/media?parent=267"}],"wp:term":[{"taxonomy":"category","embeddable":true,"href":"https:\/\/filtrocapacitivo.com.br\/blog\/wp-json\/wp\/v2\/categories?post=267"},{"taxonomy":"post_tag","embeddable":true,"href":"https:\/\/filtrocapacitivo.com.br\/blog\/wp-json\/wp\/v2\/tags?post=267"}],"curies":[{"name":"wp","href":"https:\/\/api.w.org\/{rel}","templated":true}]}}