{"id":2672,"date":"2025-04-25T11:00:04","date_gmt":"2025-04-25T14:00:04","guid":{"rendered":"https:\/\/filtrocapacitivo.com.br\/blog\/?p=2672"},"modified":"2025-09-02T15:51:19","modified_gmt":"2025-09-02T18:51:19","slug":"palestras-exclusivas-agosto-de-2024","status":"publish","type":"post","link":"https:\/\/filtrocapacitivo.com.br\/blog\/palestras-exclusivas-agosto-de-2024\/","title":{"rendered":"Palestras exclusivas \u2013 agosto de 2024"},"content":{"rendered":"<p><span style=\"font-weight: 300;\">Lumilight do Brasil\u00ae no Rio de Janeiro: tecnologia, conhecimento e inova\u00e7\u00e3o em pauta.<\/span><\/p>\n<p><img loading=\"lazy\" decoding=\"async\" class=\"size-medium wp-image-2689 aligncenter\" src=\"https:\/\/filtrocapacitivo.com.br\/blog\/wp-content\/uploads\/2025\/04\/25.04-blog-1-300x300.jpg\" alt=\"\" width=\"300\" height=\"300\" srcset=\"https:\/\/filtrocapacitivo.com.br\/blog\/wp-content\/uploads\/2025\/04\/25.04-blog-1-300x300.jpg 300w, https:\/\/filtrocapacitivo.com.br\/blog\/wp-content\/uploads\/2025\/04\/25.04-blog-1-1024x1024.jpg 1024w, https:\/\/filtrocapacitivo.com.br\/blog\/wp-content\/uploads\/2025\/04\/25.04-blog-1-150x150.jpg 150w, https:\/\/filtrocapacitivo.com.br\/blog\/wp-content\/uploads\/2025\/04\/25.04-blog-1-768x768.jpg 768w, https:\/\/filtrocapacitivo.com.br\/blog\/wp-content\/uploads\/2025\/04\/25.04-blog-1-500x500.jpg 500w, https:\/\/filtrocapacitivo.com.br\/blog\/wp-content\/uploads\/2025\/04\/25.04-blog-1-400x400.jpg 400w, https:\/\/filtrocapacitivo.com.br\/blog\/wp-content\/uploads\/2025\/04\/25.04-blog-1-146x146.jpg 146w, https:\/\/filtrocapacitivo.com.br\/blog\/wp-content\/uploads\/2025\/04\/25.04-blog-1-50x50.jpg 50w, https:\/\/filtrocapacitivo.com.br\/blog\/wp-content\/uploads\/2025\/04\/25.04-blog-1-75x75.jpg 75w, https:\/\/filtrocapacitivo.com.br\/blog\/wp-content\/uploads\/2025\/04\/25.04-blog-1-85x85.jpg 85w, https:\/\/filtrocapacitivo.com.br\/blog\/wp-content\/uploads\/2025\/04\/25.04-blog-1-80x80.jpg 80w, https:\/\/filtrocapacitivo.com.br\/blog\/wp-content\/uploads\/2025\/04\/25.04-blog-1.jpg 1133w\" sizes=\"auto, (max-width: 300px) 100vw, 300px\" \/><\/p>\n<p><span style=\"font-weight: 300;\">No dia 24 de agosto de 2023, a Ind\u00fastria Lumilight do Brasil\u00ae realizou mais uma palestra exclusiva, dessa vez no Rio de Janeiro, reunindo especialistas e profissionais do setor de automa\u00e7\u00e3o industrial.<\/span><\/p>\n<p><span style=\"font-weight: 300;\">Com a presen\u00e7a do nosso CEO, Luiz Henrique Bueno, o encontro teve como tema &#8220;Qualidade energ\u00e9tica nos processos de automa\u00e7\u00e3o industrial e redu\u00e7\u00e3o da manuten\u00e7\u00e3o el\u00e9trica para o segmento&#8221;, abordando os impactos diretos da energia de baixa qualidade na performance das ind\u00fastrias \u2014 e como os filtros capacitivos Lumilight transformam esse cen\u00e1rio.<\/span><\/p>\n<p><span style=\"font-weight: 300;\">Seguimos levando conhecimento t\u00e9cnico, solu\u00e7\u00f5es eficientes e tecnologia exclusiva para os mais diversos setores, contribuindo com um futuro mais seguro, sustent\u00e1vel e inteligente.<\/span><\/p>\n<p><span style=\"font-weight: 300;\">Venha conhecer mais sobre os filtros capacitivos. Fale com nossos consultores pelo telefone:\u00a0<\/span><a href=\"tel:08130890606\"><span style=\"font-weight: 300;\">(81) 3089-0606<\/span><\/a><span style=\"font-weight: 300;\">, fale pelo WhatsApp:\u00a0<\/span><a href=\"https:\/\/wa.me\/5581998710126\"><span style=\"font-weight: 300;\">(81) 99871-0126<\/span><\/a><span style=\"font-weight: 300;\">\u00a0ou preencha o\u00a0<\/span><a href=\"https:\/\/filtrocapacitivo.com.br\/contato\"><span style=\"font-weight: 300;\">formul\u00e1rio<\/span><\/a><span style=\"font-weight: 300;\">.<\/span><\/p>\n","protected":false},"excerpt":{"rendered":"<p>Lumilight do Brasil\u00ae no Rio de Janeiro: tecnologia, conhecimento e inova\u00e7\u00e3o em pauta. No dia 24 de agosto de 2023, a Ind\u00fastria Lumilight do Brasil\u00ae realizou<span class=\"excerpt-hellip\"> [\u2026]<\/span><\/p>\n","protected":false},"author":1,"featured_media":2688,"comment_status":"closed","ping_status":"closed","sticky":false,"template":"","format":"standard","meta":{"footnotes":""},"categories":[1],"tags":[],"class_list":["post-2672","post","type-post","status-publish","format-standard","has-post-thumbnail","hentry","category-filtros-capacitivos"],"_links":{"self":[{"href":"https:\/\/filtrocapacitivo.com.br\/blog\/wp-json\/wp\/v2\/posts\/2672","targetHints":{"allow":["GET"]}}],"collection":[{"href":"https:\/\/filtrocapacitivo.com.br\/blog\/wp-json\/wp\/v2\/posts"}],"about":[{"href":"https:\/\/filtrocapacitivo.com.br\/blog\/wp-json\/wp\/v2\/types\/post"}],"author":[{"embeddable":true,"href":"https:\/\/filtrocapacitivo.com.br\/blog\/wp-json\/wp\/v2\/users\/1"}],"replies":[{"embeddable":true,"href":"https:\/\/filtrocapacitivo.com.br\/blog\/wp-json\/wp\/v2\/comments?post=2672"}],"version-history":[{"count":3,"href":"https:\/\/filtrocapacitivo.com.br\/blog\/wp-json\/wp\/v2\/posts\/2672\/revisions"}],"predecessor-version":[{"id":2690,"href":"https:\/\/filtrocapacitivo.com.br\/blog\/wp-json\/wp\/v2\/posts\/2672\/revisions\/2690"}],"wp:featuredmedia":[{"embeddable":true,"href":"https:\/\/filtrocapacitivo.com.br\/blog\/wp-json\/wp\/v2\/media\/2688"}],"wp:attachment":[{"href":"https:\/\/filtrocapacitivo.com.br\/blog\/wp-json\/wp\/v2\/media?parent=2672"}],"wp:term":[{"taxonomy":"category","embeddable":true,"href":"https:\/\/filtrocapacitivo.com.br\/blog\/wp-json\/wp\/v2\/categories?post=2672"},{"taxonomy":"post_tag","embeddable":true,"href":"https:\/\/filtrocapacitivo.com.br\/blog\/wp-json\/wp\/v2\/tags?post=2672"}],"curies":[{"name":"wp","href":"https:\/\/api.w.org\/{rel}","templated":true}]}}