{"id":2706,"date":"2026-09-03T11:00:33","date_gmt":"2026-09-03T14:00:33","guid":{"rendered":"https:\/\/filtrocapacitivo.com.br\/blog\/?p=2706"},"modified":"2026-09-04T14:52:52","modified_gmt":"2026-09-04T17:52:52","slug":"cuba-no-escuro-brasil-em-alerta-o-que-podemos-aprender","status":"publish","type":"post","link":"https:\/\/filtrocapacitivo.com.br\/blog\/cuba-no-escuro-brasil-em-alerta-o-que-podemos-aprender\/","title":{"rendered":"Cuba no escuro, Brasil em alerta: o que podemos aprender?"},"content":{"rendered":"<p><img loading=\"lazy\" decoding=\"async\" class=\" wp-image-2707 aligncenter\" src=\"https:\/\/filtrocapacitivo.com.br\/blog\/wp-content\/uploads\/2026\/09\/Blog_20260902_105159_0000-240x300.png\" alt=\"\" width=\"275\" height=\"344\" srcset=\"https:\/\/filtrocapacitivo.com.br\/blog\/wp-content\/uploads\/2026\/09\/Blog_20260902_105159_0000-240x300.png 240w, https:\/\/filtrocapacitivo.com.br\/blog\/wp-content\/uploads\/2026\/09\/Blog_20260902_105159_0000-819x1024.png 819w, https:\/\/filtrocapacitivo.com.br\/blog\/wp-content\/uploads\/2026\/09\/Blog_20260902_105159_0000-768x960.png 768w, https:\/\/filtrocapacitivo.com.br\/blog\/wp-content\/uploads\/2026\/09\/Blog_20260902_105159_0000-117x146.png 117w, https:\/\/filtrocapacitivo.com.br\/blog\/wp-content\/uploads\/2026\/09\/Blog_20260902_105159_0000-40x50.png 40w, https:\/\/filtrocapacitivo.com.br\/blog\/wp-content\/uploads\/2026\/09\/Blog_20260902_105159_0000-60x75.png 60w, https:\/\/filtrocapacitivo.com.br\/blog\/wp-content\/uploads\/2026\/09\/Blog_20260902_105159_0000.png 1080w\" sizes=\"auto, (max-width: 275px) 100vw, 275px\" \/><\/p>\n<p><span style=\"font-weight: 400;\">No Brasil, o cen\u00e1rio \u00e9 diferente: temos uma matriz el\u00e9trica mais diversificada e renov\u00e1vel, mas ainda enfrentamos per\u00edodos secos, custos maiores de gera\u00e7\u00e3o, eventos clim\u00e1ticos e problemas localizados na distribui\u00e7\u00e3o.<\/span><\/p>\n<p><span style=\"font-weight: 400;\">\u00c9 nesse contexto que o filtro capacitivo da Lumilight do Brasil pode ser avaliado, reduzindo interfer\u00eancias e harm\u00f4nicas, gerando prote\u00e7\u00e3o para motores, equipamentos eletr\u00f4nicos e melhorando a qualidade da energia dentro da instala\u00e7\u00e3o.<\/span><\/p>\n<p><span style=\"font-weight: 400;\">Sua aplica\u00e7\u00e3o deve partir de um diagn\u00f3stico el\u00e9trico e de um dimensionamento adequado.<\/span><\/p>\n<p><span style=\"font-weight: 400;\">Energia limpa e confi\u00e1vel come\u00e7a com planejamento, monitoramento e prote\u00e7\u00e3o.<\/span><\/p>\n","protected":false},"excerpt":{"rendered":"<p>No Brasil, o cen\u00e1rio \u00e9 diferente: temos uma matriz el\u00e9trica mais diversificada e renov\u00e1vel, mas ainda enfrentamos per\u00edodos secos, custos maiores de gera\u00e7\u00e3o, eventos clim\u00e1ticos e<span class=\"excerpt-hellip\"> [\u2026]<\/span><\/p>\n","protected":false},"author":1,"featured_media":2707,"comment_status":"closed","ping_status":"closed","sticky":false,"template":"","format":"standard","meta":{"footnotes":""},"categories":[1],"tags":[],"class_list":["post-2706","post","type-post","status-publish","format-standard","has-post-thumbnail","hentry","category-filtros-capacitivos"],"_links":{"self":[{"href":"https:\/\/filtrocapacitivo.com.br\/blog\/wp-json\/wp\/v2\/posts\/2706","targetHints":{"allow":["GET"]}}],"collection":[{"href":"https:\/\/filtrocapacitivo.com.br\/blog\/wp-json\/wp\/v2\/posts"}],"about":[{"href":"https:\/\/filtrocapacitivo.com.br\/blog\/wp-json\/wp\/v2\/types\/post"}],"author":[{"embeddable":true,"href":"https:\/\/filtrocapacitivo.com.br\/blog\/wp-json\/wp\/v2\/users\/1"}],"replies":[{"embeddable":true,"href":"https:\/\/filtrocapacitivo.com.br\/blog\/wp-json\/wp\/v2\/comments?post=2706"}],"version-history":[{"count":1,"href":"https:\/\/filtrocapacitivo.com.br\/blog\/wp-json\/wp\/v2\/posts\/2706\/revisions"}],"predecessor-version":[{"id":2708,"href":"https:\/\/filtrocapacitivo.com.br\/blog\/wp-json\/wp\/v2\/posts\/2706\/revisions\/2708"}],"wp:featuredmedia":[{"embeddable":true,"href":"https:\/\/filtrocapacitivo.com.br\/blog\/wp-json\/wp\/v2\/media\/2707"}],"wp:attachment":[{"href":"https:\/\/filtrocapacitivo.com.br\/blog\/wp-json\/wp\/v2\/media?parent=2706"}],"wp:term":[{"taxonomy":"category","embeddable":true,"href":"https:\/\/filtrocapacitivo.com.br\/blog\/wp-json\/wp\/v2\/categories?post=2706"},{"taxonomy":"post_tag","embeddable":true,"href":"https:\/\/filtrocapacitivo.com.br\/blog\/wp-json\/wp\/v2\/tags?post=2706"}],"curies":[{"name":"wp","href":"https:\/\/api.w.org\/{rel}","templated":true}]}}