{"id":299,"date":"2016-02-17T16:50:30","date_gmt":"2016-02-17T16:50:30","guid":{"rendered":"http:\/\/filtrocapacitivo.com.br\/blog\/?p=299"},"modified":"2016-02-17T16:50:30","modified_gmt":"2016-02-17T16:50:30","slug":"informativo-lumilight-do-brasil-9","status":"publish","type":"post","link":"https:\/\/filtrocapacitivo.com.br\/blog\/informativo-lumilight-do-brasil-9\/","title":{"rendered":"Informativo Lumilight do Brasil"},"content":{"rendered":"<p>Segue informativo de mais uma publica\u00e7\u00e3o sobre os Filtros Capacitivos Lumilight do Brasil no Jornal do Comercio do Rio Grande do Sul, que segundo a reda\u00e7\u00e3o do caderno de economia esta reportagem foi indicada pela propria USP, a nota publicada \u00e9 referente ao estudo realizado pelo Laborat\u00f3rio de F\u00edsica Aplicada e Computacional (Lafac) da Faculdade de Zootecnia e Engenharia de Alimentos (FZEA) da USP, em Pirassununga, onde foi realizado testes da efici\u00eancia dos efeitos do filtro capacitivo na capacidade de reduzir \u201cru\u00eddos\u201d na rede el\u00e9trica.<\/p>\n<p>&nbsp;<\/p>\n<p>Fundado em 1933, o Jornal do Com\u00e9rcio \u00e9 um ve\u00edculo diferenciado no RS por sua segmenta\u00e7\u00e3o em economia e neg\u00f3cios e por seu p\u00fablico leitor formado por empres\u00e1rios, executivos, profissionais liberais e estudantes nas mais diversas \u00e1reas de conhecimento.<br \/>\nEditado pelos mais experientes profissionais do Jornalismo Econ\u00f4mico do RS e do Brasil, o JC apresenta credibilidade e relev\u00e2ncia nas not\u00edcias distribu\u00eddas entre 30 cadernos semanais e especiais e 28 renomados colunistas que levam a informa\u00e7\u00e3o exclusiva diariamente para os leitores ga\u00fachos. O JC tamb\u00e9m est\u00e1 na internet, em tempo real, no endere\u00e7o\u00a0<a href=\"http:\/\/l.facebook.com\/l.php?u=http%3A%2F%2Fwww.jornaldocomercio.com%2F&amp;h=eAQHCojyF&amp;s=1\">www.jornaldocomercio.com<\/a><\/p>\n<p>&nbsp;<\/p>\n<p>O JC orgulha-se em impulsionar o desenvolvimento do Estado e do Pa\u00eds. Afinal, tudo o que acontece na economia ga\u00facha, brasileira e mundial, passa pelas p\u00e1ginas do Jornal do Com\u00e9rcio.<\/p>\n<p><a href=\"https:\/\/filtrocapacitivo.com.br\/blog\/wp-content\/uploads\/2016\/02\/18-SA007.pdf\" target=\"_blank\">Clique aqui e veja a mat\u00e9ria<\/a><\/p>\n","protected":false},"excerpt":{"rendered":"<p>Segue informativo de mais uma publica\u00e7\u00e3o sobre os Filtros Capacitivos Lumilight do Brasil no Jornal do Comercio do Rio Grande do Sul, que segundo a reda\u00e7\u00e3o<span class=\"excerpt-hellip\"> [\u2026]<\/span><\/p>\n","protected":false},"author":1,"featured_media":0,"comment_status":"closed","ping_status":"closed","sticky":false,"template":"","format":"standard","meta":{"footnotes":""},"categories":[1],"tags":[],"class_list":["post-299","post","type-post","status-publish","format-standard","hentry","category-filtros-capacitivos"],"_links":{"self":[{"href":"https:\/\/filtrocapacitivo.com.br\/blog\/wp-json\/wp\/v2\/posts\/299","targetHints":{"allow":["GET"]}}],"collection":[{"href":"https:\/\/filtrocapacitivo.com.br\/blog\/wp-json\/wp\/v2\/posts"}],"about":[{"href":"https:\/\/filtrocapacitivo.com.br\/blog\/wp-json\/wp\/v2\/types\/post"}],"author":[{"embeddable":true,"href":"https:\/\/filtrocapacitivo.com.br\/blog\/wp-json\/wp\/v2\/users\/1"}],"replies":[{"embeddable":true,"href":"https:\/\/filtrocapacitivo.com.br\/blog\/wp-json\/wp\/v2\/comments?post=299"}],"version-history":[{"count":1,"href":"https:\/\/filtrocapacitivo.com.br\/blog\/wp-json\/wp\/v2\/posts\/299\/revisions"}],"predecessor-version":[{"id":301,"href":"https:\/\/filtrocapacitivo.com.br\/blog\/wp-json\/wp\/v2\/posts\/299\/revisions\/301"}],"wp:attachment":[{"href":"https:\/\/filtrocapacitivo.com.br\/blog\/wp-json\/wp\/v2\/media?parent=299"}],"wp:term":[{"taxonomy":"category","embeddable":true,"href":"https:\/\/filtrocapacitivo.com.br\/blog\/wp-json\/wp\/v2\/categories?post=299"},{"taxonomy":"post_tag","embeddable":true,"href":"https:\/\/filtrocapacitivo.com.br\/blog\/wp-json\/wp\/v2\/tags?post=299"}],"curies":[{"name":"wp","href":"https:\/\/api.w.org\/{rel}","templated":true}]}}