{"id":355,"date":"2016-05-09T17:30:47","date_gmt":"2016-05-09T17:30:47","guid":{"rendered":"http:\/\/filtrocapacitivo.com.br\/blog\/?p=355"},"modified":"2016-05-09T17:30:47","modified_gmt":"2016-05-09T17:30:47","slug":"o-consumo-consciente-de-energia-eletrica-no-cotidiano","status":"publish","type":"post","link":"https:\/\/filtrocapacitivo.com.br\/blog\/o-consumo-consciente-de-energia-eletrica-no-cotidiano\/","title":{"rendered":"O consumo consciente de energia el\u00e9trica no cotidiano"},"content":{"rendered":"<p>Energia el\u00e9trica \u00e9 coisa s\u00e9ria, a conta nem se fala. O consumo de energia el\u00e9trica nas resid\u00eancias, com\u00e9rcios e ind\u00fastrias \u00e9 um assunto importante e o que mais importa \u00e9 que haja uma conscientiza\u00e7\u00e3o principalmente do que podemos fazer para economizar os recursos naturais de nosso planeta, onde \u00e9 papel de cada um fazer sua parte, o que torna nosso estilo de vida e consumo insustent\u00e1veis no longo prazo.<\/p>\n<p>&nbsp;<\/p>\n<p>Em volumes absolutos, o maior respons\u00e1vel pela emiss\u00e3o de poluentes e consumo de recursos \u00e9 a ind\u00fastria de transforma\u00e7\u00e3o, mas isso n\u00e3o significa que n\u00e3o somos individualmente respons\u00e1veis pelo impacto que causamos nas atividades do nosso dia a dia.<\/p>\n<p>&nbsp;<\/p>\n<p>O primeiro passo pode vir de pequenas a\u00e7\u00f5es de consumo consciente de energia el\u00e9trica. Essas a\u00e7\u00f5es podem ser divididas em tr\u00eas n\u00edveis: pessoal, em casa e, em seguida, no trabalho e na escola ou faculdade.<\/p>\n<p>&nbsp;<\/p>\n<p>Vamos come\u00e7ar por pequenas a\u00e7\u00f5es que n\u00f3s mesmos podemos controlar em nosso dia a dia: aproveitar a luz solar e evitar acionar luzes em ambientes que poderiam ser naturalmente iluminados; evitar banhos demorados e ajustar a chave de pot\u00eancia do chuveiro para um n\u00edvel confort\u00e1vel de acordo com a esta\u00e7\u00e3o do ano; manter os carregadores fora das tomadas; evitar dormir com a TV ligada; entre outras pequenas a\u00e7\u00f5es que inclusive refletem em economia financeira.<\/p>\n<p>&nbsp;<\/p>\n<p>Em seguida pense como a sua casa pode ser mais eficiente no consumo de energia el\u00e9trica: observe a veda\u00e7\u00e3o da geladeira, d\u00ea prefer\u00eancia para l\u00e2mpadas fluorescentes compactas, regule o termostato da geladeira para uma posi\u00e7\u00e3o conveniente com a quantidade de alimento e evite guardar alimentos quentes \u2013 isso aumenta a temperatura interna e, consequentemente, o consumo do equipamento. Outra atitude importante \u00e9 n\u00e3o posicionar o fog\u00e3o ao lado do refrigerador, pois isso tamb\u00e9m interfere na efici\u00eancia do eletrodom\u00e9stico.<\/p>\n<p>Evite a utiliza\u00e7\u00e3o simult\u00e2nea de aparelhos de televis\u00e3o, prefira equipamentos com Selo Procel categoria \u201cA\u201d, desligue todas as luzes ao sair de casa ou ao deixar um ambiente, tire os equipamentos da tomada quando sair para longas viagens.<\/p>\n<p>&nbsp;<\/p>\n<p>O pr\u00f3ximo passo \u00e9 levar essas dicas para outras pessoas e induzir a mudan\u00e7a a sua volta.<\/p>\n<p>&nbsp;<\/p>\n<p>Em casa e no ambiente de trabalho recomende que desliguem os computadores ou configurem modos de economia de energia, regulem o termostato do ar condicionado para uma temperatura agrad\u00e1vel, em torno de 23 e 24 graus, e n\u00e3o muito frio, o que pode causar choques de temperatura e prejudicar inclusive a sa\u00fade dos presentes no ambiente.<\/p>\n<p>&nbsp;<\/p>\n<p>Recomende a troca das l\u00e2mpadas, d\u00ea prefer\u00eancia para a ilumina\u00e7\u00e3o natural e sugira a realiza\u00e7\u00e3o de palestras de conscientiza\u00e7\u00e3o sobre a import\u00e2ncia da economia de energia, dessa forma todos os impactados poder\u00e3o replicar a mudan\u00e7a de comportamento em suas casas, colaborando para um bem individual e coletivo.<\/p>\n<p>&nbsp;<\/p>\n<p>Pequenas a\u00e7\u00f5es replicadas em grande escala ter\u00e3o um impacto significativo no meio ambiente. Essas a\u00e7\u00f5es individuais e em nossas casas ir\u00e3o nos fazer perceber muitas outras formas de economizar. O resultado j\u00e1 ser\u00e1 sentido na primeira conta de energia: esse leque de a\u00e7\u00f5es pode significar uma redu\u00e7\u00e3o de at\u00e9 40% no valor a pagar.<\/p>\n","protected":false},"excerpt":{"rendered":"<p>Energia el\u00e9trica \u00e9 coisa s\u00e9ria, a conta nem se fala. O consumo de energia el\u00e9trica nas resid\u00eancias, com\u00e9rcios e ind\u00fastrias \u00e9 um assunto importante e o<span class=\"excerpt-hellip\"> [\u2026]<\/span><\/p>\n","protected":false},"author":1,"featured_media":356,"comment_status":"closed","ping_status":"closed","sticky":false,"template":"","format":"standard","meta":{"footnotes":""},"categories":[5],"tags":[],"class_list":["post-355","post","type-post","status-publish","format-standard","has-post-thumbnail","hentry","category-noticias"],"_links":{"self":[{"href":"https:\/\/filtrocapacitivo.com.br\/blog\/wp-json\/wp\/v2\/posts\/355","targetHints":{"allow":["GET"]}}],"collection":[{"href":"https:\/\/filtrocapacitivo.com.br\/blog\/wp-json\/wp\/v2\/posts"}],"about":[{"href":"https:\/\/filtrocapacitivo.com.br\/blog\/wp-json\/wp\/v2\/types\/post"}],"author":[{"embeddable":true,"href":"https:\/\/filtrocapacitivo.com.br\/blog\/wp-json\/wp\/v2\/users\/1"}],"replies":[{"embeddable":true,"href":"https:\/\/filtrocapacitivo.com.br\/blog\/wp-json\/wp\/v2\/comments?post=355"}],"version-history":[{"count":1,"href":"https:\/\/filtrocapacitivo.com.br\/blog\/wp-json\/wp\/v2\/posts\/355\/revisions"}],"predecessor-version":[{"id":357,"href":"https:\/\/filtrocapacitivo.com.br\/blog\/wp-json\/wp\/v2\/posts\/355\/revisions\/357"}],"wp:featuredmedia":[{"embeddable":true,"href":"https:\/\/filtrocapacitivo.com.br\/blog\/wp-json\/wp\/v2\/media\/356"}],"wp:attachment":[{"href":"https:\/\/filtrocapacitivo.com.br\/blog\/wp-json\/wp\/v2\/media?parent=355"}],"wp:term":[{"taxonomy":"category","embeddable":true,"href":"https:\/\/filtrocapacitivo.com.br\/blog\/wp-json\/wp\/v2\/categories?post=355"},{"taxonomy":"post_tag","embeddable":true,"href":"https:\/\/filtrocapacitivo.com.br\/blog\/wp-json\/wp\/v2\/tags?post=355"}],"curies":[{"name":"wp","href":"https:\/\/api.w.org\/{rel}","templated":true}]}}