{"id":358,"date":"2016-05-09T18:02:24","date_gmt":"2016-05-09T18:02:24","guid":{"rendered":"http:\/\/filtrocapacitivo.com.br\/blog\/?p=358"},"modified":"2016-05-09T18:04:36","modified_gmt":"2016-05-09T18:04:36","slug":"ompi-organizacao-mundial-da-propriedade-intelectual","status":"publish","type":"post","link":"https:\/\/filtrocapacitivo.com.br\/blog\/ompi-organizacao-mundial-da-propriedade-intelectual\/","title":{"rendered":"OMPI &#8211; Organiza\u00e7\u00e3o Mundial da Propriedade Intelectual"},"content":{"rendered":"<p>A\u00a0<strong>Organiza\u00e7\u00e3o Mundial da Propriedade Intelectual<\/strong>\u00a0(<strong><a href=\"https:\/\/pt.wikipedia.org\/wiki\/OMPI\">OMPI<\/a><\/strong>; em ingl\u00eas,\u00a0<em>World Intellectual Property Organization<\/em>,\u00a0<strong>WIPO<\/strong>) \u00e9 uma entidade internacional de\u00a0<a href=\"https:\/\/pt.wikipedia.org\/wiki\/Direito_Internacional_P%C3%BAblico\">Direito Internacional P\u00fablico<\/a>\u00a0com sede em\u00a0<a href=\"https:\/\/pt.wikipedia.org\/wiki\/Genebra\">Genebra<\/a>\u00a0(<a href=\"https:\/\/pt.wikipedia.org\/wiki\/Su%C3%AD%C3%A7a\">Su\u00ed\u00e7a<\/a>), integrante do\u00a0<a href=\"https:\/\/pt.wikipedia.org\/wiki\/Estrutura_da_Organiza%C3%A7%C3%A3o_das_Na%C3%A7%C3%B5es_Unidas\">Sistema das Na\u00e7\u00f5es Unidas<\/a>.<\/p>\n<p>&nbsp;<\/p>\n<p>Criada em\u00a0<a href=\"https:\/\/pt.wikipedia.org\/wiki\/1967\">1967<\/a>, \u00e9 uma das 16 ag\u00eancias especializadas da\u00a0<a href=\"https:\/\/pt.wikipedia.org\/wiki\/ONU\">ONU<\/a>\u00a0e tem por prop\u00f3sito a\u00a0<em>promo\u00e7\u00e3o da prote\u00e7\u00e3o da\u00a0<a href=\"https:\/\/pt.wikipedia.org\/wiki\/Propriedade_intelectual\">propriedade intelectual<\/a>\u00a0ao redor do\u00a0<a href=\"https:\/\/pt.wikipedia.org\/wiki\/Mundo\">mundo<\/a>\u00a0atrav\u00e9s da coopera\u00e7\u00e3o entre\u00a0<a href=\"https:\/\/pt.wikipedia.org\/wiki\/Estado\">Estados<\/a><\/em>. O atual Diretor-Geral da OMPI \u00e9 o\u00a0<a href=\"https:\/\/pt.wikipedia.org\/wiki\/Austr%C3%A1lia\">australiano<\/a>\u00a0Francis Gurry.<\/p>\n<p>Atualmente, \u00e9 composta de 187 Estados-membros\u00a0e administra 27\u00a0<a href=\"https:\/\/pt.wikipedia.org\/wiki\/Tratado_internacional\">tratados internacionais<\/a>.<\/p>\n<p>&nbsp;<\/p>\n<p>De acordo com o Artigo 3\u00ba da\u00a0<a href=\"https:\/\/pt.wikipedia.org\/wiki\/Conven%C3%A7%C3%A3o_para_o_Estabelecimento_da_Organiza%C3%A7%C3%A3o_Mundial_da_Propriedade_Intelectual\">Conven\u00e7\u00e3o para o Estabelecimento da Organiza\u00e7\u00e3o Mundial da Propriedade Intelectual<\/a>,\u00a0\u00e0 \u00e9poca de sua cria\u00e7\u00e3o, em\u00a0<a href=\"https:\/\/pt.wikipedia.org\/wiki\/1967\">1967<\/a>, o principal objetivo da organiza\u00e7\u00e3o \u00e9\u00a0<em>promover a prote\u00e7\u00e3o da\u00a0<a href=\"https:\/\/pt.wikipedia.org\/wiki\/Propriedade_intelectual\">propriedade intelectual<\/a>\u00a0internacionalmente<\/em>.<\/p>\n<p>Em\u00a0<a href=\"https:\/\/pt.wikipedia.org\/wiki\/1974\">1974<\/a>\u00a0a\u00a0<a href=\"https:\/\/pt.wikipedia.org\/wiki\/OMPI\">OMPI<\/a>\u00a0tornou-se ag\u00eancia especializada da\u00a0<a href=\"https:\/\/pt.wikipedia.org\/wiki\/ONU\">ONU<\/a>, harmonizando seus objetivos com o interesse p\u00fablico e com as metas humanit\u00e1rias da ONU.<\/p>\n<p>Assim, segundo o\u00a0<a href=\"https:\/\/pt.wikipedia.org\/wiki\/Organiza%C3%A7%C3%A3o_Mundial_da_Propriedade_Intelectual#Acordo_OMPI-ONU\">Acordo entre a OMPI e a ONU<\/a>, a proposta da OMPI foi redefinida para a\u00a0<em>promo\u00e7\u00e3o da atividade intelectual criativa e a facilita\u00e7\u00e3o da transfer\u00eancia de <a href=\"https:\/\/pt.wikipedia.org\/wiki\/Tecnologia\">tecnologia<\/a>\u00a0relacionada \u00e0\u00a0<a href=\"https:\/\/pt.wikipedia.org\/wiki\/Propriedade_industrial\">propriedade industrial<\/a>\u00a0para os\u00a0<a href=\"https:\/\/pt.wikipedia.org\/wiki\/Pa%C3%ADs_em_desenvolvimento\">pa\u00edses em desenvolvimento<\/a>\u00a0de forma a acelerar seu\u00a0<a href=\"https:\/\/pt.wikipedia.org\/wiki\/Desenvolvimento_econ%C3%B4mico\">desenvolvimento econ\u00f4mico<\/a>,\u00a0<a href=\"https:\/\/pt.wikipedia.org\/wiki\/Desenvolvimento_social\">social<\/a>\u00a0e\u00a0<a href=\"https:\/\/pt.wikipedia.org\/w\/index.php?title=Desenvolvimento_cultural&amp;action=edit&amp;redlink=1\">cultural<\/a><\/em>.<\/p>\n<p>&nbsp;<\/p>\n<p>A\u00a0<a href=\"https:\/\/pt.wikipedia.org\/wiki\/OMPI\">OMPI<\/a>\u00a0administra, atualmente, 24\u00a0<a href=\"https:\/\/pt.wikipedia.org\/wiki\/Tratado_internacional\">tratados<\/a>.<\/p>\n<p>Os\u00a0<a href=\"https:\/\/pt.wikipedia.org\/wiki\/Tratado_internacional\">tratados<\/a>\u00a0s\u00e3o divididos em tr\u00eas grupos gerais:\u00a0<strong>Prote\u00e7\u00e3o de Propriedade Intelectual<\/strong>;\u00a0<strong>Sistema de Prote\u00e7\u00e3o Global<\/strong>\u00a0e;\u00a0<strong>Classifica\u00e7\u00e3o<\/strong>.<\/p>\n<p>O grupo dos tratados relativo \u00e0\u00a0<strong>Prote\u00e7\u00e3o de Propriedade Intelectual<\/strong>, contendo 14 tratados, define as regras b\u00e1sicas de prote\u00e7\u00e3o de\u00a0<a href=\"https:\/\/pt.wikipedia.org\/wiki\/Propriedade_intelectual\">propriedade intelectual<\/a>\u00a0dos pa\u00edses, acordada por estes.<\/p>\n<p>O segundo grupo do tratados, que se refere ao\u00a0<strong>Sistema de Prote\u00e7\u00e3o Global<\/strong>, contendo 6 tratados, engloba tratados que asseguram a efic\u00e1cia de registros internacionais de <a href=\"https:\/\/pt.wikipedia.org\/wiki\/Propriedade_intelectual\">propriedade intelectual<\/a>\u00a0em todos os pa\u00edses signat\u00e1rios, assim garantindo que os direitos de prote\u00e7\u00e3o intelectual sejam respeitados em todos os Estados-membros, e n\u00e3o somente no pa\u00eds onde foi registrado.<\/p>\n<p>Por fim, o \u00faltimo grupo, cujos tratados se referem \u00e0\u00a0<strong>Classifica\u00e7\u00e3o<\/strong>, contendo 4 tratados, cria sistemas de classifica\u00e7\u00e3o que organizam informa\u00e7\u00f5es sobre\u00a0<a href=\"https:\/\/pt.wikipedia.org\/wiki\/Inven%C3%A7%C3%A3o\">inven\u00e7\u00f5es<\/a>,\u00a0<a href=\"https:\/\/pt.wikipedia.org\/wiki\/Marca\">marcas<\/a> registradas, e\u00a0<a href=\"https:\/\/pt.wikipedia.org\/w\/index.php?title=Desenhos_industriais&amp;action=edit&amp;redlink=1\">desenhos industriais<\/a>.<\/p>\n<h3><\/h3>\n<h3>Tratados de Classifica\u00e7\u00e3o<\/h3>\n<ul>\n<li><strong><a href=\"https:\/\/pt.wikipedia.org\/w\/index.php?title=Acordo_de_Locarno&amp;action=edit&amp;redlink=1\">Acordo de Locarno<\/a><\/strong>, relativo a<a href=\"https:\/\/pt.wikipedia.org\/wiki\/Desenho_industrial\">desenho industrial<\/a>.<\/li>\n<li><strong><a href=\"https:\/\/pt.wikipedia.org\/w\/index.php?title=Acordo_de_Nice&amp;action=edit&amp;redlink=1\">Acordo de Nice<\/a><\/strong>, relativo a<a href=\"https:\/\/pt.wikipedia.org\/wiki\/Marca\">marcas<\/a>\u00a0registradas de produtos e servi\u00e7os.<\/li>\n<li><strong><a href=\"https:\/\/pt.wikipedia.org\/w\/index.php?title=Acordo_de_Estrasburgo&amp;action=edit&amp;redlink=1\">Acordo de Estrasburgo<\/a><\/strong>, relativo a classifica\u00e7\u00e3o de<a href=\"https:\/\/pt.wikipedia.org\/wiki\/Patente\">patentes<\/a>.<\/li>\n<li><strong><a href=\"https:\/\/pt.wikipedia.org\/w\/index.php?title=Acordo_de_Viena&amp;action=edit&amp;redlink=1\">Acordo de Viena<\/a><\/strong>, relativo a elementos figurativos de<a href=\"https:\/\/pt.wikipedia.org\/wiki\/Marca\">marcas<\/a>.<\/li>\n<\/ul>\n<h3><\/h3>\n<h3>Tratados de Sistema de Prote\u00e7\u00e3o Global<\/h3>\n<ul>\n<li><strong><a href=\"https:\/\/pt.wikipedia.org\/wiki\/Tratado_de_Budapeste\">Tratado de Budapeste<\/a><\/strong>.<\/li>\n<li><strong><a href=\"https:\/\/pt.wikipedia.org\/w\/index.php?title=Acordo_de_Haia&amp;action=edit&amp;redlink=1\">Acordo de Haia<\/a><\/strong>.<\/li>\n<li><strong><a href=\"https:\/\/pt.wikipedia.org\/w\/index.php?title=Acordo_de_Lisboa&amp;action=edit&amp;redlink=1\">Acordo de Lisboa<\/a>.<\/strong><\/li>\n<li><strong><a href=\"https:\/\/pt.wikipedia.org\/w\/index.php?title=Acordo_de_Madri&amp;action=edit&amp;redlink=1\">Acordo de Madri<\/a><\/strong>.<\/li>\n<li><strong><a href=\"https:\/\/pt.wikipedia.org\/wiki\/Protocolo_de_Madri\">Protocolo de Madri<\/a><\/strong>.<\/li>\n<li><strong><a href=\"https:\/\/pt.wikipedia.org\/wiki\/PCT\">PCT<\/a><\/strong>(Tratado de Coopera\u00e7\u00e3o de Patente).<\/li>\n<\/ul>\n<h3><\/h3>\n<h3>Tratados de Prote\u00e7\u00e3o de Propriedade Intelectual<\/h3>\n<ul>\n<li><strong><a href=\"https:\/\/pt.wikipedia.org\/wiki\/Conven%C3%A7%C3%A3o_da_Uni%C3%A3o_de_Berna\">Conven\u00e7\u00e3o de Berna<\/a><\/strong><\/li>\n<li><strong><a href=\"https:\/\/pt.wikipedia.org\/w\/index.php?title=Conven%C3%A7%C3%A3o_de_Bruxelas&amp;action=edit&amp;redlink=1\">Conven\u00e7\u00e3o de Bruxelas<\/a><\/strong><\/li>\n<li><strong><a href=\"https:\/\/pt.wikipedia.org\/w\/index.php?title=Tratado_de_Registro_de_Filme&amp;action=edit&amp;redlink=1\">Tratado de Registro de Filme<\/a><\/strong><\/li>\n<li><strong><a href=\"https:\/\/pt.wikipedia.org\/wiki\/Acordo_de_Madrid\">Acordo de Madrid<\/a><\/strong><\/li>\n<li><strong><a href=\"https:\/\/pt.wikipedia.org\/w\/index.php?title=Tratado_de_Nair%C3%B3bi&amp;action=edit&amp;redlink=1\">Tratado de Nair\u00f3bi<\/a><\/strong><\/li>\n<li><strong><a href=\"https:\/\/pt.wikipedia.org\/w\/index.php?title=Conven%C3%A7%C3%A3o_de_Paris&amp;action=edit&amp;redlink=1\">Conven\u00e7\u00e3o de Paris<\/a><\/strong><\/li>\n<li><strong><a href=\"https:\/\/pt.wikipedia.org\/w\/index.php?title=Tratado_de_Lei_de_Patente&amp;action=edit&amp;redlink=1\">Tratado de Lei de Patente<\/a><\/strong><\/li>\n<li><strong><a href=\"https:\/\/pt.wikipedia.org\/w\/index.php?title=Conven%C3%A7%C3%A3o_de_Fonogramas&amp;action=edit&amp;redlink=1\">Conven\u00e7\u00e3o de Fonogramas<\/a><\/strong><\/li>\n<li><strong><a href=\"https:\/\/pt.wikipedia.org\/w\/index.php?title=Conven%C3%A7%C3%A3o_de_Roma&amp;action=edit&amp;redlink=1\">Conven\u00e7\u00e3o de Roma<\/a><\/strong><\/li>\n<li><strong><a href=\"https:\/\/pt.wikipedia.org\/w\/index.php?title=Tratado_de_Singapura_sobre_Lei_de_Marca_Registrada&amp;action=edit&amp;redlink=1\">Tratado de Singapura sobre Lei de Marca Registrada<\/a><\/strong><\/li>\n<li><strong><a href=\"https:\/\/pt.wikipedia.org\/w\/index.php?title=Tratado_de_Lei_de_Marca_Registrada&amp;action=edit&amp;redlink=1\">Tratado de Lei de Marca Registrada<\/a><\/strong><\/li>\n<li><strong><a href=\"https:\/\/pt.wikipedia.org\/wiki\/Tratado_de_Washington\">Tratado de Washington<\/a><\/strong><\/li>\n<li><strong><a href=\"https:\/\/pt.wikipedia.org\/wiki\/Acordo_de_Direitos_Autorais_da_OMPI\">WCT<\/a><\/strong><\/li>\n<li><strong><a href=\"https:\/\/pt.wikipedia.org\/w\/index.php?title=WPPT&amp;action=edit&amp;redlink=1\">WPPT<\/a><\/strong>.<\/li>\n<\/ul>\n<p>&nbsp;<\/p>\n<p>O Acordo de Roma, conclu\u00eddo em 1961 \u00e9 administrado pela OMPI juntamente com a United Nations Educational, Scientific and Cultural Organization (UNESCO)\u00a0e International Labour Organization (ILO).<\/p>\n<p>&nbsp;<\/p>\n<p>A OMPI \u00e9 o f\u00f3rum global para\u00a0<a href=\"http:\/\/www.wipo.int\/about-ip\/en\/\">Propriedade Intelectual<\/a>\u00a0servi\u00e7os, pol\u00edtica, informa\u00e7\u00e3o e coopera\u00e7\u00e3o.\u00a0Somos uma ag\u00eancia de autofinanciamento das\u00a0<a href=\"http:\/\/www.un.org\/en\/\">Na\u00e7\u00f5es Unidas<\/a>\u00a0, com 188 pa\u00edses membros.<\/p>\n<p>Onde tem como miss\u00e3o liderar o desenvolvimento de um sistema internacional de propriedade intelectual equilibrado e eficaz (IP) que permite que a inova\u00e7\u00e3o e a criatividade para o benef\u00edcio de todos.\u00a0O nosso mandato, \u00f3rg\u00e3os e procedimentos que regem s\u00e3o definidos na <a href=\"http:\/\/www.wipo.int\/treaties\/en\/convention\/trtdocs_wo029.html\">Conven\u00e7\u00e3o da OMPI<\/a>\u00a0, que estabeleceu WIPO em 1967.<\/p>\n","protected":false},"excerpt":{"rendered":"<p>A\u00a0Organiza\u00e7\u00e3o Mundial da Propriedade Intelectual\u00a0(OMPI; em ingl\u00eas,\u00a0World Intellectual Property Organization,\u00a0WIPO) \u00e9 uma entidade internacional de\u00a0Direito Internacional P\u00fablico\u00a0com sede em\u00a0Genebra\u00a0(Su\u00ed\u00e7a), integrante do\u00a0Sistema das Na\u00e7\u00f5es Unidas. &nbsp; Criada<span class=\"excerpt-hellip\"> [\u2026]<\/span><\/p>\n","protected":false},"author":1,"featured_media":361,"comment_status":"closed","ping_status":"closed","sticky":false,"template":"","format":"standard","meta":{"footnotes":""},"categories":[5],"tags":[],"class_list":["post-358","post","type-post","status-publish","format-standard","has-post-thumbnail","hentry","category-noticias"],"_links":{"self":[{"href":"https:\/\/filtrocapacitivo.com.br\/blog\/wp-json\/wp\/v2\/posts\/358","targetHints":{"allow":["GET"]}}],"collection":[{"href":"https:\/\/filtrocapacitivo.com.br\/blog\/wp-json\/wp\/v2\/posts"}],"about":[{"href":"https:\/\/filtrocapacitivo.com.br\/blog\/wp-json\/wp\/v2\/types\/post"}],"author":[{"embeddable":true,"href":"https:\/\/filtrocapacitivo.com.br\/blog\/wp-json\/wp\/v2\/users\/1"}],"replies":[{"embeddable":true,"href":"https:\/\/filtrocapacitivo.com.br\/blog\/wp-json\/wp\/v2\/comments?post=358"}],"version-history":[{"count":1,"href":"https:\/\/filtrocapacitivo.com.br\/blog\/wp-json\/wp\/v2\/posts\/358\/revisions"}],"predecessor-version":[{"id":360,"href":"https:\/\/filtrocapacitivo.com.br\/blog\/wp-json\/wp\/v2\/posts\/358\/revisions\/360"}],"wp:featuredmedia":[{"embeddable":true,"href":"https:\/\/filtrocapacitivo.com.br\/blog\/wp-json\/wp\/v2\/media\/361"}],"wp:attachment":[{"href":"https:\/\/filtrocapacitivo.com.br\/blog\/wp-json\/wp\/v2\/media?parent=358"}],"wp:term":[{"taxonomy":"category","embeddable":true,"href":"https:\/\/filtrocapacitivo.com.br\/blog\/wp-json\/wp\/v2\/categories?post=358"},{"taxonomy":"post_tag","embeddable":true,"href":"https:\/\/filtrocapacitivo.com.br\/blog\/wp-json\/wp\/v2\/tags?post=358"}],"curies":[{"name":"wp","href":"https:\/\/api.w.org\/{rel}","templated":true}]}}