{"id":462,"date":"2017-01-23T17:02:06","date_gmt":"2017-01-23T17:02:06","guid":{"rendered":"http:\/\/filtrocapacitivo.com.br\/blog\/?p=462"},"modified":"2017-01-23T17:02:35","modified_gmt":"2017-01-23T17:02:35","slug":"aumento-da-geracao-de-energia-eletrica-sera-um-desafio-para-o-pais-em-2017","status":"publish","type":"post","link":"https:\/\/filtrocapacitivo.com.br\/blog\/aumento-da-geracao-de-energia-eletrica-sera-um-desafio-para-o-pais-em-2017\/","title":{"rendered":"Aumento da gera\u00e7\u00e3o de energia el\u00e9trica ser\u00e1 um desafio para o pa\u00eds em 2017"},"content":{"rendered":"<p>Os desafios na gera\u00e7\u00e3o de energia firme na matriz energ\u00e9tica do Brasil ainda precisam ser muito discutidos em 2017. \u00c9 ineg\u00e1vel o crescimento dos investimentos em energia e\u00f3lica e solar, que parecem atender a uma garantia de fornecimento mais imediata. No entanto, a\u00a0falta de chuvas desvendou uma face disforme de nossa matriz energ\u00e9tica, obrigando o pa\u00eds, mais uma vez, a recorrer \u00e0s usinas termel\u00e9tricas, produzindo energia cara e poluente, que tem sacrificado a popula\u00e7\u00e3o com o desfraldar de suas bandeiras vermelhas. Bandeiras que apontam o risco do pre\u00e7o alto do consumo e identificando tamb\u00e9m a vergonha dos estrategistas brasileiros do setor. O segmento nuclear tamb\u00e9m foi duramente impactado\u00a0com a explos\u00e3o das den\u00fancias de corrup\u00e7\u00e3o que atingiram alguns executivos da Eletronuclear. A falta de pagamento \u00e0s empresas que constru\u00edam Angra 3 obrigou que as obras fossem suspensas. Neste momento, costuram-se solu\u00e7\u00f5es que podem envolver empresas privadas para financiarem a conclus\u00e3o da usina. Uma alternativa que poder\u00e1 ser ideal para o modelo de constru\u00e7\u00e3o das novas usinas nucleares que o pa\u00eds precisa at\u00e9 2050.<\/p>\n<p>Dentro do projeto Perspectivas 2017, convidamos dois especialistas de peso neste setor de energia:\u00a0<strong>J\u00e9sus Ferreira<\/strong>, Presidente da\u00a0<strong>PP Engenharia<\/strong>, e\u00a0<strong>Olga Simbalista<\/strong>, que depois de militar no setor nuclear brasileiro desse o in\u00edcio das opera\u00e7\u00f5es no Brasil, acaba de assumir a presid\u00eancia da\u00a0<strong>ABEN<\/strong>, Associa\u00e7\u00e3o Brasileira de Energia Nuclear.<\/p>\n<p>&nbsp;<\/p>\n<p>Vamos saber suas opini\u00f5es. Primeiramente,\u00a0<strong>J\u00e9sus Ferreira,<\/strong>\u00a0da\u00a0<strong>PP Engenharia<\/strong>:<\/p>\n<p><strong>1-Como analisa os acontecimentos do seu setor em 2016 ?<\/strong><\/p>\n<p>\u2013 Olhando um pouco para tr\u00e1s, dentro do setor de gera\u00e7\u00e3o de energia el\u00e9trica, n\u00e3o foi muito diferentes dos demais setores de nossa economia. A queda do consumo de energia acompanha\u00a0<em>pare passu<\/em>\u00a0a queda da atividade econ\u00f4mica. Foram concedidos perto de 600 Mw em Pequenas Centrais Hidroel\u00e9tricas e 3 Gw em wind power em implanta\u00e7\u00e3o. Entretanto estas concess\u00f5es e implanta\u00e7\u00f5es n\u00e3o foram suficientes para representar um crescimento do setor. Para a atual demanda, que est\u00e1 baixa, muitos investimentos em infraestrutura de transmiss\u00e3o deveriam ter sido feitas e n\u00e3o o foram. Em uma pequena retomada de nossa economia nos depararemos com este gargalo.<\/p>\n<p><strong>2- Quais seriam as solu\u00e7\u00f5es para os problemas que o pa\u00eds atravessa ?<\/strong><\/p>\n<p>N\u00e3o devemos anualizar os problemas e nem as solu\u00e7\u00f5es uma vez que ambos s\u00e3o bastante complexos. Prefiro analisar um per\u00edodo passado maior.<br \/>\nConsiderando a matriz energ\u00e9tica brasileira, como solu\u00e7\u00e3o t\u00e9cnica, seria necess\u00e1rio dobrar a capacidade de gera\u00e7\u00e3o com termel\u00e9tricas para termos maior seguran\u00e7a no fornecimento de eletricidade. Entretanto existem problemas muito maiores que interferem diretamente estes investimentos.<\/p>\n<p><strong>3- Quais as perspectivas para 2017 ? Pessimistas ou otimistas ?<\/strong><\/p>\n<p>\u2013 Enxergo com um pouco de otimismo porque acredito que o pior passou. Existe um movimento claro no sentido de participa\u00e7\u00e3o da sociedade nas decis\u00f5es legislativas, o que deve ficar mais acirrado no pr\u00f3ximo ano.<\/p>\n<p>&nbsp;<\/p>\n<p>E agora, as opini\u00f5es de\u00a0<strong>Olga Simbalista<\/strong>, presidente da\u00a0<strong>ABEN\u00a0<\/strong><\/p>\n<p><strong>\u00a01 \u2013 Como analisa os acontecimentos de 2016 em seu setor?<\/strong><\/p>\n<p>Os acontecimentos de 2016 impactaram de forma muito intensa o setor nuclear, sob os \u00a0aspectos econ\u00f4mico, pol\u00edtico e \u00e9tico. Sob o aspecto \u00e9tico, as apura\u00e7\u00f5es de den\u00fancias e as consequentes condena\u00e7\u00f5es de dirigentes e executivos da Eletronuclear, no \u00e2mbito da Opera\u00e7\u00e3o Lava-Jato, levaram \u00e0 descontinuidade administrativa da empresa, paralisa\u00e7\u00e3o das obras de Angra 3, agravada, tamb\u00e9m, pela crise econ\u00f4mica que dificultou a obten\u00e7\u00e3o de recursos para o empreendimento.<\/p>\n<p>A crise econ\u00f4mica tamb\u00e9m impactou a constru\u00e7\u00e3o do Reator Multiprop\u00f3sito Brasileiro \u2013 RMB do IPEN, fundamental para a independ\u00eancia nacional no setor de produ\u00e7\u00e3o de radiof\u00e1rmacos, as amplia\u00e7\u00f5es das instala\u00e7\u00f5es de enriquecimento isot\u00f3pico, tanto nas Ind\u00fastrias Nucleares Brasileiras, a INB, \u00a0para o suprimento do combust\u00edvel das plantas de Angra, quanto para a produ\u00e7\u00e3o do combust\u00edvel do Reator M\u00faltiprop\u00f3sito Brasileiro.<\/p>\n<p><strong>2 \u2013 Quais seriam as solu\u00e7\u00f5es para os problemas que o pa\u00eds atravessa?<\/strong><\/p>\n<p>Os maiores problemas pelos quais passa o pa\u00eds est\u00e3o centrados na volta do crescimento econ\u00f4mico, na diminui\u00e7\u00e3o do n\u00edvel de desemprego e da corrup\u00e7\u00e3o, os quais, para serem realmente obtidos, requerer\u00e3o um pacto nacional, envolvendo os poderes executivo, legislativo e judici\u00e1rio e que seja compreendido e aceito pela sociedade civil, hoje descrente e sem perspectivas.<\/p>\n<p><strong>3 \u2013 Quais as perspectivas para 2017? Pessimistas ou otimista?<\/strong><\/p>\n<p>Analisando pela conjuntura atual, as perspectivas n\u00e3o s\u00e3o otimistas. Mas caso haja uma sinaliza\u00e7\u00e3o de estabilidade, principalmente pol\u00edtica, o segundo semestre poder\u00e1 trilhar caminhos mais est\u00e1veis.<\/p>\n","protected":false},"excerpt":{"rendered":"<p>Os desafios na gera\u00e7\u00e3o de energia firme na matriz energ\u00e9tica do Brasil ainda precisam ser muito discutidos em 2017. \u00c9 ineg\u00e1vel o crescimento dos investimentos em<span class=\"excerpt-hellip\"> [\u2026]<\/span><\/p>\n","protected":false},"author":1,"featured_media":463,"comment_status":"closed","ping_status":"closed","sticky":false,"template":"","format":"standard","meta":{"footnotes":""},"categories":[5],"tags":[],"class_list":["post-462","post","type-post","status-publish","format-standard","has-post-thumbnail","hentry","category-noticias"],"_links":{"self":[{"href":"https:\/\/filtrocapacitivo.com.br\/blog\/wp-json\/wp\/v2\/posts\/462","targetHints":{"allow":["GET"]}}],"collection":[{"href":"https:\/\/filtrocapacitivo.com.br\/blog\/wp-json\/wp\/v2\/posts"}],"about":[{"href":"https:\/\/filtrocapacitivo.com.br\/blog\/wp-json\/wp\/v2\/types\/post"}],"author":[{"embeddable":true,"href":"https:\/\/filtrocapacitivo.com.br\/blog\/wp-json\/wp\/v2\/users\/1"}],"replies":[{"embeddable":true,"href":"https:\/\/filtrocapacitivo.com.br\/blog\/wp-json\/wp\/v2\/comments?post=462"}],"version-history":[{"count":1,"href":"https:\/\/filtrocapacitivo.com.br\/blog\/wp-json\/wp\/v2\/posts\/462\/revisions"}],"predecessor-version":[{"id":464,"href":"https:\/\/filtrocapacitivo.com.br\/blog\/wp-json\/wp\/v2\/posts\/462\/revisions\/464"}],"wp:featuredmedia":[{"embeddable":true,"href":"https:\/\/filtrocapacitivo.com.br\/blog\/wp-json\/wp\/v2\/media\/463"}],"wp:attachment":[{"href":"https:\/\/filtrocapacitivo.com.br\/blog\/wp-json\/wp\/v2\/media?parent=462"}],"wp:term":[{"taxonomy":"category","embeddable":true,"href":"https:\/\/filtrocapacitivo.com.br\/blog\/wp-json\/wp\/v2\/categories?post=462"},{"taxonomy":"post_tag","embeddable":true,"href":"https:\/\/filtrocapacitivo.com.br\/blog\/wp-json\/wp\/v2\/tags?post=462"}],"curies":[{"name":"wp","href":"https:\/\/api.w.org\/{rel}","templated":true}]}}