{"id":507,"date":"2017-07-18T16:59:20","date_gmt":"2017-07-18T19:59:20","guid":{"rendered":"http:\/\/filtrocapacitivo.com.br\/blog\/?p=507"},"modified":"2017-07-26T22:57:18","modified_gmt":"2017-07-27T01:57:18","slug":"bandeira-vermelha-deve-voltar-para-tarifa-em-agosto","status":"publish","type":"post","link":"https:\/\/filtrocapacitivo.com.br\/blog\/bandeira-vermelha-deve-voltar-para-tarifa-em-agosto\/","title":{"rendered":"Bandeira vermelha deve voltar para a tarifa em agosto"},"content":{"rendered":"<p>A bandeira tarif\u00e1ria, mecanismo que cobra valor adicional nas contas de luz para sinalizar ao consumidor a necessidade de acionamento de usinas mais caras, pode voltar ao primeiro patamar da cor vermelha em agosto, ap\u00f3s dois meses. Esse patamar gera um acr\u00e9scimo na tarifa de R$ 3,00 a cada 100 quilowatts-hora (kWh) consumidos.<\/p>\n<p><a href=\"https:\/\/filtrocapacitivo.com.br\/blog\/wp-content\/uploads\/2017\/07\/arte25bra-102-bandei-a3.jpg\"><img loading=\"lazy\" decoding=\"async\" class=\"alignleft size-medium wp-image-508\" src=\"https:\/\/filtrocapacitivo.com.br\/blog\/wp-content\/uploads\/2017\/07\/arte25bra-102-bandei-a3-300x188.jpg\" alt=\"\" width=\"300\" height=\"188\" srcset=\"https:\/\/filtrocapacitivo.com.br\/blog\/wp-content\/uploads\/2017\/07\/arte25bra-102-bandei-a3-300x188.jpg 300w, https:\/\/filtrocapacitivo.com.br\/blog\/wp-content\/uploads\/2017\/07\/arte25bra-102-bandei-a3-234x146.jpg 234w, https:\/\/filtrocapacitivo.com.br\/blog\/wp-content\/uploads\/2017\/07\/arte25bra-102-bandei-a3-50x31.jpg 50w, https:\/\/filtrocapacitivo.com.br\/blog\/wp-content\/uploads\/2017\/07\/arte25bra-102-bandei-a3-120x75.jpg 120w, https:\/\/filtrocapacitivo.com.br\/blog\/wp-content\/uploads\/2017\/07\/arte25bra-102-bandei-a3.jpg 755w\" sizes=\"auto, (max-width: 300px) 100vw, 300px\" \/><\/a>A possibilidade de acionamento do primeiro patamar da bandeira vermelha se deve \u00e0 aus\u00eancia de chuvas no m\u00eas de julho, fato que influencia as previs\u00f5es para a primeira semana de agosto, per\u00edodo de refer\u00eancia para a defini\u00e7\u00e3o da bandeira tarif\u00e1ria. Especialistas e empresas consultados pelo Valor consideram a possibilidade de o pre\u00e7o de liquida\u00e7\u00e3o de de diferen\u00e7as (PLD) &#8211; pre\u00e7o de energia no mercado de curto prazo &#8211; para a primeira semana de agosto, superar o valor de R$ 422 por megawatt-hora (MWh), que configura o primeiro patamar da bandeira vermelha.<\/p>\n<p>A Ag\u00eancia Nacional de Energia El\u00e9trica (Aneel) anunciar\u00e1 na sexta-feira a cor da bandeira de agosto.<\/p>\n<p>A bandeira vermelha foi acionada em abril e maio, mas o grande volume de chuvas registrado no fim de maio acabou ocasionando o acionamento da bandeira verde em junho. Por\u00e9m, os n\u00edveis dos reservat\u00f3rios n\u00e3o se recuperaram, e os pre\u00e7os vem subindo gradativamente deste ent\u00e3o.<\/p>\n<p>Para maiores informa\u00e7\u00f5es, acesse o site:<br \/>\n<a href=\"http:\/\/www.valor.com.br\/brasil\/5052068\/bandeira-vermelha-deve-voltar-para-tarifa-em-agosto\" target=\"_blank\" rel=\"noopener\">http:\/\/www.valor.com.br\/brasil\/5052068\/bandeira-vermelha-deve-voltar-para-tarifa-em-agosto<\/a><\/p>\n","protected":false},"excerpt":{"rendered":"<p>A bandeira tarif\u00e1ria, mecanismo que cobra valor adicional nas contas de luz para sinalizar ao consumidor a necessidade de acionamento de usinas mais caras, pode voltar<span class=\"excerpt-hellip\"> [\u2026]<\/span><\/p>\n","protected":false},"author":1,"featured_media":415,"comment_status":"closed","ping_status":"closed","sticky":false,"template":"","format":"standard","meta":{"footnotes":""},"categories":[5],"tags":[],"class_list":["post-507","post","type-post","status-publish","format-standard","has-post-thumbnail","hentry","category-noticias"],"_links":{"self":[{"href":"https:\/\/filtrocapacitivo.com.br\/blog\/wp-json\/wp\/v2\/posts\/507","targetHints":{"allow":["GET"]}}],"collection":[{"href":"https:\/\/filtrocapacitivo.com.br\/blog\/wp-json\/wp\/v2\/posts"}],"about":[{"href":"https:\/\/filtrocapacitivo.com.br\/blog\/wp-json\/wp\/v2\/types\/post"}],"author":[{"embeddable":true,"href":"https:\/\/filtrocapacitivo.com.br\/blog\/wp-json\/wp\/v2\/users\/1"}],"replies":[{"embeddable":true,"href":"https:\/\/filtrocapacitivo.com.br\/blog\/wp-json\/wp\/v2\/comments?post=507"}],"version-history":[{"count":1,"href":"https:\/\/filtrocapacitivo.com.br\/blog\/wp-json\/wp\/v2\/posts\/507\/revisions"}],"predecessor-version":[{"id":509,"href":"https:\/\/filtrocapacitivo.com.br\/blog\/wp-json\/wp\/v2\/posts\/507\/revisions\/509"}],"wp:featuredmedia":[{"embeddable":true,"href":"https:\/\/filtrocapacitivo.com.br\/blog\/wp-json\/wp\/v2\/media\/415"}],"wp:attachment":[{"href":"https:\/\/filtrocapacitivo.com.br\/blog\/wp-json\/wp\/v2\/media?parent=507"}],"wp:term":[{"taxonomy":"category","embeddable":true,"href":"https:\/\/filtrocapacitivo.com.br\/blog\/wp-json\/wp\/v2\/categories?post=507"},{"taxonomy":"post_tag","embeddable":true,"href":"https:\/\/filtrocapacitivo.com.br\/blog\/wp-json\/wp\/v2\/tags?post=507"}],"curies":[{"name":"wp","href":"https:\/\/api.w.org\/{rel}","templated":true}]}}