{"id":511,"date":"2017-10-02T16:52:32","date_gmt":"2017-10-02T19:52:32","guid":{"rendered":"http:\/\/filtrocapacitivo.com.br\/blog\/?p=511"},"modified":"2017-10-02T16:52:32","modified_gmt":"2017-10-02T19:52:32","slug":"bandeira-deve-ficar-vermelha-em-outubro-e-taxa-extra-na-conta-de-luz-subir-r-350","status":"publish","type":"post","link":"https:\/\/filtrocapacitivo.com.br\/blog\/bandeira-deve-ficar-vermelha-em-outubro-e-taxa-extra-na-conta-de-luz-subir-r-350\/","title":{"rendered":"Bandeira deve ficar vermelha em outubro e taxa extra na conta de luz subir a R$ 3,50"},"content":{"rendered":"<h2>Segundo fonte ouvida pelo G1, Aneel anuncia nesta sexta que cor da bandeira tarif\u00e1ria passar\u00e1 de amarela para vermelha patamar 2, o mais alto. Mudan\u00e7a se deve a estiagem que atinge hidrel\u00e9tricas.<\/h2>\n<p>A estiagem e a necessidade de uso mais intenso das termel\u00e9tricas v\u00e3o pressionar as tarifas de energia a partir de outubro. O\u00a0<strong>G1<\/strong>\u00a0apurou que a Ag\u00eancia Nacional de Energia El\u00e9trica (Aneel) anuncia nesta sexta-feira (29) que a bandeira tarif\u00e1ria vai passar para vermelha patamar 2, o mais caro previsto, e a taxa extra cobrada nas contas de luz vai subir em outubro para\u00a0<strong>R$ 3,50 a cada 100 kWh consumidos<\/strong>.<\/p>\n<p>Seria a primeira vez desde 2015, quando o sistema de bandeiras foi criado, que a taxa extra de R$ 3,50 seria cobrada.\u00a0<a href=\"https:\/\/g1.globo.com\/economia\/noticia\/bandeira-fica-amarela-e-taxa-extra-da-conta-de-luz-cai-para-r-2-em-setembro.ghtml\" target=\"_blank\" rel=\"noopener\" data-saferedirecturl=\"https:\/\/www.google.com\/url?hl=pt-BR&amp;q=https:\/\/g1.globo.com\/economia\/noticia\/bandeira-fica-amarela-e-taxa-extra-da-conta-de-luz-cai-para-r-2-em-setembro.ghtml&amp;source=gmail&amp;ust=1507053618537000&amp;usg=AFQjCNFZw4klGjZaXZ_73lMyOYAjzIi_eA\">No m\u00eas de setembro, vigorou a bandeira amarela<\/a>, que aplica uma taxa extra de R$ 2 para cada 100 kWh de energia consumidos.<\/p>\n<p>Para maiores informa\u00e7\u00f5es, acesse o site:<br \/>\n<a href=\"https:\/\/g1.globo.com\/economia\/noticia\/bandeira-deve-ficar-vermelha-em-outubro-e-taxa-extra-na-conta-de-luz-sobir-para-r-350.ghtml\" target=\"_blank\" rel=\"noopener\" data-saferedirecturl=\"https:\/\/www.google.com\/url?hl=pt-BR&amp;q=https:\/\/g1.globo.com\/economia\/noticia\/bandeira-deve-ficar-vermelha-em-outubro-e-taxa-extra-na-conta-de-luz-sobir-para-r-350.ghtml&amp;source=gmail&amp;ust=1507053618537000&amp;usg=AFQjCNH6MwC7E8fGHs3ZHZr27S8ibV4zuA\">https:\/\/g1.globo.com\/economia\/<wbr \/>noticia\/bandeira-deve-ficar-<wbr \/>vermelha-em-outubro-e-taxa-<wbr \/>extra-na-conta-de-luz-sobir-<wbr \/>para-r-350.ghtml<\/a><\/p>\n","protected":false},"excerpt":{"rendered":"<p>Segundo fonte ouvida pelo G1, Aneel anuncia nesta sexta que cor da bandeira tarif\u00e1ria passar\u00e1 de amarela para vermelha patamar 2, o mais alto. Mudan\u00e7a se<span class=\"excerpt-hellip\"> [\u2026]<\/span><\/p>\n","protected":false},"author":1,"featured_media":512,"comment_status":"closed","ping_status":"closed","sticky":false,"template":"","format":"standard","meta":{"footnotes":""},"categories":[5],"tags":[],"class_list":["post-511","post","type-post","status-publish","format-standard","has-post-thumbnail","hentry","category-noticias"],"_links":{"self":[{"href":"https:\/\/filtrocapacitivo.com.br\/blog\/wp-json\/wp\/v2\/posts\/511","targetHints":{"allow":["GET"]}}],"collection":[{"href":"https:\/\/filtrocapacitivo.com.br\/blog\/wp-json\/wp\/v2\/posts"}],"about":[{"href":"https:\/\/filtrocapacitivo.com.br\/blog\/wp-json\/wp\/v2\/types\/post"}],"author":[{"embeddable":true,"href":"https:\/\/filtrocapacitivo.com.br\/blog\/wp-json\/wp\/v2\/users\/1"}],"replies":[{"embeddable":true,"href":"https:\/\/filtrocapacitivo.com.br\/blog\/wp-json\/wp\/v2\/comments?post=511"}],"version-history":[{"count":1,"href":"https:\/\/filtrocapacitivo.com.br\/blog\/wp-json\/wp\/v2\/posts\/511\/revisions"}],"predecessor-version":[{"id":513,"href":"https:\/\/filtrocapacitivo.com.br\/blog\/wp-json\/wp\/v2\/posts\/511\/revisions\/513"}],"wp:featuredmedia":[{"embeddable":true,"href":"https:\/\/filtrocapacitivo.com.br\/blog\/wp-json\/wp\/v2\/media\/512"}],"wp:attachment":[{"href":"https:\/\/filtrocapacitivo.com.br\/blog\/wp-json\/wp\/v2\/media?parent=511"}],"wp:term":[{"taxonomy":"category","embeddable":true,"href":"https:\/\/filtrocapacitivo.com.br\/blog\/wp-json\/wp\/v2\/categories?post=511"},{"taxonomy":"post_tag","embeddable":true,"href":"https:\/\/filtrocapacitivo.com.br\/blog\/wp-json\/wp\/v2\/tags?post=511"}],"curies":[{"name":"wp","href":"https:\/\/api.w.org\/{rel}","templated":true}]}}