{"id":548,"date":"2018-01-09T08:50:30","date_gmt":"2018-01-09T11:50:30","guid":{"rendered":"http:\/\/filtrocapacitivo.com.br\/blog\/?p=548"},"modified":"2018-02-09T08:56:05","modified_gmt":"2018-02-09T11:56:05","slug":"brasil-registra-media-de-78-milhoes-de-raios-por-ano-diz-inpe","status":"publish","type":"post","link":"https:\/\/filtrocapacitivo.com.br\/blog\/brasil-registra-media-de-78-milhoes-de-raios-por-ano-diz-inpe\/","title":{"rendered":"Brasil registra m\u00e9dia de 78 milh\u00f5es de raios por ano, diz Inpe"},"content":{"rendered":"<p>Nos \u00faltimos seis anos, o Brasil registrou uma m\u00e9dia de 77,8 milh\u00f5es de raios por ano, segundo levantamento do Instituto Nacional de Pesquisas Espaciais (Inpe).<\/p>\n<p>Os novos dados apontam que 2012 foi o ano com maior incid\u00eancia de raios, registrando 94,3 milh\u00f5es, devido ao fen\u00f4meno La Ni\u00f1a, na regi\u00e3o norte do pa\u00eds. Em 2013 foram 92 milh\u00f5es, em 2014 foram 62,9 milh\u00f5es e em 2015, 68,6 milh\u00f5es de raios, ano em que houve um acr\u00e9scimo devido ao El Ni\u00f1o, respons\u00e1vel pelo aumento dos raios nas regi\u00f5es Sul e parte das regi\u00f5es Sudeste e Centro-Oeste.<\/p>\n<p>Para 2017, a previs\u00e3o \u00e9 de uma incid\u00eancia de raios dentro da m\u00e9dia hist\u00f3rica. A estimativa \u00e9 feita a partir das temperaturas dos oceanos Atl\u00e2ntico e Pac\u00edfico &#8211; Sul, Equatorial e Norte.<\/p>\n<p>Estados e munic\u00edpios<\/p>\n<p>O estudo mostrou que o estado com maior densidade de raios (quantidade de raios por quil\u00f4metro quadrado por ano) \u00e9 o Tocantins, com 17,1 raios por quil\u00f4metro quadrado. Na sequ\u00eancia aparecem Amazonas (15,8), Acre (15,8), Maranh\u00e3o (13,3), Par\u00e1 (12,4), Rond\u00f4nia (11,4), Mato Grosso (11,1), Roraima (7,9), Piau\u00ed (7,7) e S\u00e3o Paulo (5,2).<\/p>\n<p>O ranking das cinco primeiras capitais com maior densidade de raios por quil\u00f4metro quadrado por ano \u00e9: Rio Branco (30,13) Palmas (19,21), Manaus (18,93), S\u00e3o Lu\u00eds (15,12), Bel\u00e9m (14,47) e S\u00e3o Paulo (13,26).<\/p>\n<p>Fonte: <a href=\"http:\/\/agenciabrasil.ebc.com.br\/geral\/noticia\/2017-09\/brasil-registra-media-de-78-milhoes-de-raios-por-ano-diz-inpe\" target=\"_blank\" rel=\"noopener\">http:\/\/agenciabrasil.ebc.com.br\/geral\/noticia\/2017-09\/brasil-registra-media-de-78-milhoes-de-raios-por-ano-diz-inpe<\/a><\/p>\n","protected":false},"excerpt":{"rendered":"<p>Nos \u00faltimos seis anos, o Brasil registrou uma m\u00e9dia de 77,8 milh\u00f5es de raios por ano, segundo levantamento do Instituto Nacional de Pesquisas Espaciais (Inpe). Os<span class=\"excerpt-hellip\"> [\u2026]<\/span><\/p>\n","protected":false},"author":1,"featured_media":550,"comment_status":"closed","ping_status":"closed","sticky":false,"template":"","format":"standard","meta":{"footnotes":""},"categories":[5],"tags":[],"class_list":["post-548","post","type-post","status-publish","format-standard","has-post-thumbnail","hentry","category-noticias"],"_links":{"self":[{"href":"https:\/\/filtrocapacitivo.com.br\/blog\/wp-json\/wp\/v2\/posts\/548","targetHints":{"allow":["GET"]}}],"collection":[{"href":"https:\/\/filtrocapacitivo.com.br\/blog\/wp-json\/wp\/v2\/posts"}],"about":[{"href":"https:\/\/filtrocapacitivo.com.br\/blog\/wp-json\/wp\/v2\/types\/post"}],"author":[{"embeddable":true,"href":"https:\/\/filtrocapacitivo.com.br\/blog\/wp-json\/wp\/v2\/users\/1"}],"replies":[{"embeddable":true,"href":"https:\/\/filtrocapacitivo.com.br\/blog\/wp-json\/wp\/v2\/comments?post=548"}],"version-history":[{"count":1,"href":"https:\/\/filtrocapacitivo.com.br\/blog\/wp-json\/wp\/v2\/posts\/548\/revisions"}],"predecessor-version":[{"id":549,"href":"https:\/\/filtrocapacitivo.com.br\/blog\/wp-json\/wp\/v2\/posts\/548\/revisions\/549"}],"wp:featuredmedia":[{"embeddable":true,"href":"https:\/\/filtrocapacitivo.com.br\/blog\/wp-json\/wp\/v2\/media\/550"}],"wp:attachment":[{"href":"https:\/\/filtrocapacitivo.com.br\/blog\/wp-json\/wp\/v2\/media?parent=548"}],"wp:term":[{"taxonomy":"category","embeddable":true,"href":"https:\/\/filtrocapacitivo.com.br\/blog\/wp-json\/wp\/v2\/categories?post=548"},{"taxonomy":"post_tag","embeddable":true,"href":"https:\/\/filtrocapacitivo.com.br\/blog\/wp-json\/wp\/v2\/tags?post=548"}],"curies":[{"name":"wp","href":"https:\/\/api.w.org\/{rel}","templated":true}]}}