{"id":561,"date":"2018-02-08T15:48:02","date_gmt":"2018-02-08T18:48:02","guid":{"rendered":"http:\/\/filtrocapacitivo.com.br\/blog\/?p=561"},"modified":"2025-04-23T15:23:26","modified_gmt":"2025-04-23T18:23:26","slug":"qualidade-da-energia-eletrica","status":"publish","type":"post","link":"https:\/\/filtrocapacitivo.com.br\/blog\/qualidade-da-energia-eletrica\/","title":{"rendered":"A Qualidade da Energia El\u00e9trica"},"content":{"rendered":"<p>A &#8220;qualidade da energia el\u00e9trica&#8221; est\u00e1 relacionada a desvios que possam ocorrer na intensidade, forma de onda ou frequ\u00eancia da tens\u00e3o e\/ou corrente el\u00e9trica. E esta relacionada tamb\u00e9m \u00e0s interrup\u00e7\u00f5es permanentes ou transit\u00f3rias que afetam o desempenho da energia el\u00e9trica.<\/p>\n<p>Sabemos que, principalmente em locais onde a energia de alimenta\u00e7\u00e3o \u00e9 feita em baixa tens\u00e3o, existem maiores problemas relacionados \u00e0 qualidade de energia, e uma das causas \u00e9 a gera\u00e7\u00e3o de ondas harm\u00f4nicas na pr\u00f3pria instala\u00e7\u00e3o e as recebidas pela cogera\u00e7\u00e3o, em especial por grupos geradores e aplica\u00e7\u00f5es de inversores de frequ\u00eancia ou no breaks.<\/p>\n<p>Os efeitos provocados pela m\u00e1 qualidade de energia el\u00e9trica causam aquecimentos excessivos em circuitos el\u00e9tricos e eletr\u00f4nicos, cuja consequ\u00eancia \u00e9 acelerar a queima de componentes eletr\u00f4nicos, al\u00e9m de prejudicar, em partes, sistemas operacionais, com poss\u00edveis travamentos e a danifica\u00e7\u00e3o de arquivos magn\u00e9ticos. Com isso, certamente podemos afirmar que a qualidade de energia est\u00e1 diretamente relacionada com os custos de manuten\u00e7\u00e3o e perda de produtividade.<\/p>\n<p>A Lumilight do Brasil traz ao mercado Brasileiro os Filtros Capacitivos Inteligentes, como exclusiva, equipamentos eletr\u00f4nicos desenvolvidos em altos padr\u00f5es tecnol\u00f3gicos com sistema exclusivo de automa\u00e7\u00e3o em paralelo em rede. O filtro tem diversas aplicabilidades e funcionalidades para filtrar e atenuar as interfer\u00eancias na sua rede de energia el\u00e9trica.<\/p>\n<p>Podendo assim com a Instala\u00e7\u00e3o do Filtro Capacitivo Inteligente Lumilight do Brasil oferecer aos seus clientes prote\u00e7\u00e3o, qualidade da energia e economia com a redu\u00e7\u00e3o de custos fixos.<\/p>\n","protected":false},"excerpt":{"rendered":"<p>A &#8220;qualidade da energia el\u00e9trica&#8221; est\u00e1 relacionada a desvios que possam ocorrer na intensidade, forma de onda ou frequ\u00eancia da tens\u00e3o e\/ou corrente el\u00e9trica. E esta<span class=\"excerpt-hellip\"> [\u2026]<\/span><\/p>\n","protected":false},"author":1,"featured_media":0,"comment_status":"closed","ping_status":"closed","sticky":false,"template":"","format":"standard","meta":{"footnotes":""},"categories":[1],"tags":[],"class_list":["post-561","post","type-post","status-publish","format-standard","hentry","category-filtros-capacitivos"],"_links":{"self":[{"href":"https:\/\/filtrocapacitivo.com.br\/blog\/wp-json\/wp\/v2\/posts\/561","targetHints":{"allow":["GET"]}}],"collection":[{"href":"https:\/\/filtrocapacitivo.com.br\/blog\/wp-json\/wp\/v2\/posts"}],"about":[{"href":"https:\/\/filtrocapacitivo.com.br\/blog\/wp-json\/wp\/v2\/types\/post"}],"author":[{"embeddable":true,"href":"https:\/\/filtrocapacitivo.com.br\/blog\/wp-json\/wp\/v2\/users\/1"}],"replies":[{"embeddable":true,"href":"https:\/\/filtrocapacitivo.com.br\/blog\/wp-json\/wp\/v2\/comments?post=561"}],"version-history":[{"count":2,"href":"https:\/\/filtrocapacitivo.com.br\/blog\/wp-json\/wp\/v2\/posts\/561\/revisions"}],"predecessor-version":[{"id":2613,"href":"https:\/\/filtrocapacitivo.com.br\/blog\/wp-json\/wp\/v2\/posts\/561\/revisions\/2613"}],"wp:attachment":[{"href":"https:\/\/filtrocapacitivo.com.br\/blog\/wp-json\/wp\/v2\/media?parent=561"}],"wp:term":[{"taxonomy":"category","embeddable":true,"href":"https:\/\/filtrocapacitivo.com.br\/blog\/wp-json\/wp\/v2\/categories?post=561"},{"taxonomy":"post_tag","embeddable":true,"href":"https:\/\/filtrocapacitivo.com.br\/blog\/wp-json\/wp\/v2\/tags?post=561"}],"curies":[{"name":"wp","href":"https:\/\/api.w.org\/{rel}","templated":true}]}}