{"id":567,"date":"2018-01-22T15:45:44","date_gmt":"2018-01-22T18:45:44","guid":{"rendered":"http:\/\/filtrocapacitivo.com.br\/blog\/?p=567"},"modified":"2018-03-02T16:37:18","modified_gmt":"2018-03-02T19:37:18","slug":"parceria-com-o-instituto-itegam","status":"publish","type":"post","link":"https:\/\/filtrocapacitivo.com.br\/blog\/parceria-com-o-instituto-itegam\/","title":{"rendered":"Parceria com o Instituto Itegam"},"content":{"rendered":"<p>A Lumilight do Brasil formalizou uma parceria com o Instituto Itegam, com o objetivo de trazer novas pesquisas junto ao Polo Industrial do Amazonas.<\/p>\n<p>Desde sua cria\u00e7\u00e3o no dia 5 de Junho de 2008, o Instituto de Tecnologia e Educa\u00e7\u00e3o Galileo da Amaz\u00f4nia &#8211; ITEGAM tem como objetivo o pioneirismo na pesquisa e no desenvolvimento tecnol\u00f3gico do pa\u00eds, destacando-se pelas atividades profissionais de seus fundadores na \u00e1rea de consultoria dentro das empresas do Polo Industrial de Manaus (PIM) e educa\u00e7\u00e3o. O ITEGAM \u00e9 uma associa\u00e7\u00e3o civil de direito privado sem fins lucrativos.<\/p>\n<p>A implanta\u00e7\u00e3o do ITEGAM retrata a import\u00e2ncia do desenvolvimento ocorrido nas \u00faltimas d\u00e9cadas diante das atividades industriais na regi\u00e3o, e em especial na cidade de Manaus, cujo Polo Industrial traduz esse crescimento atrav\u00e9s de importantes estrat\u00e9gias do Governo Federal representado pela Superintend\u00eancia da Zona Franca de Manaus (SUFRAMA).<\/p>\n<p>Desse modo, as atividades desenvolvidas pelo ITEGAM t\u00eam como foco principal as ind\u00fastrias do setor produtivo e a qualifica\u00e7\u00e3o profissional (Cursos Livres, Especializa\u00e7\u00f5es, Mestrados e Doutorados), com convenio firmado entre a Universidade do Par\u00e1 (UFPA) e a Universidade de Santa Catarina (UFSC), atendendo uma demanda diversificada de servi\u00e7os e produtos que visam \u00e0 promo\u00e7\u00e3o da integridade produtiva, tamb\u00e9m atende \u00e0s necessidades das empresas. Destacando os projetos de P &#038; D, inova\u00e7\u00e3o para as \u00e1reas de produ\u00e7\u00e3o e afins que atuam no PIM.<\/p>\n","protected":false},"excerpt":{"rendered":"<p>A Lumilight do Brasil formalizou uma parceria com o Instituto Itegam, com o objetivo de trazer novas pesquisas junto ao Polo Industrial do Amazonas. Desde sua<span class=\"excerpt-hellip\"> [\u2026]<\/span><\/p>\n","protected":false},"author":1,"featured_media":570,"comment_status":"closed","ping_status":"closed","sticky":false,"template":"","format":"standard","meta":{"footnotes":""},"categories":[5],"tags":[],"class_list":["post-567","post","type-post","status-publish","format-standard","has-post-thumbnail","hentry","category-noticias"],"_links":{"self":[{"href":"https:\/\/filtrocapacitivo.com.br\/blog\/wp-json\/wp\/v2\/posts\/567","targetHints":{"allow":["GET"]}}],"collection":[{"href":"https:\/\/filtrocapacitivo.com.br\/blog\/wp-json\/wp\/v2\/posts"}],"about":[{"href":"https:\/\/filtrocapacitivo.com.br\/blog\/wp-json\/wp\/v2\/types\/post"}],"author":[{"embeddable":true,"href":"https:\/\/filtrocapacitivo.com.br\/blog\/wp-json\/wp\/v2\/users\/1"}],"replies":[{"embeddable":true,"href":"https:\/\/filtrocapacitivo.com.br\/blog\/wp-json\/wp\/v2\/comments?post=567"}],"version-history":[{"count":2,"href":"https:\/\/filtrocapacitivo.com.br\/blog\/wp-json\/wp\/v2\/posts\/567\/revisions"}],"predecessor-version":[{"id":571,"href":"https:\/\/filtrocapacitivo.com.br\/blog\/wp-json\/wp\/v2\/posts\/567\/revisions\/571"}],"wp:featuredmedia":[{"embeddable":true,"href":"https:\/\/filtrocapacitivo.com.br\/blog\/wp-json\/wp\/v2\/media\/570"}],"wp:attachment":[{"href":"https:\/\/filtrocapacitivo.com.br\/blog\/wp-json\/wp\/v2\/media?parent=567"}],"wp:term":[{"taxonomy":"category","embeddable":true,"href":"https:\/\/filtrocapacitivo.com.br\/blog\/wp-json\/wp\/v2\/categories?post=567"},{"taxonomy":"post_tag","embeddable":true,"href":"https:\/\/filtrocapacitivo.com.br\/blog\/wp-json\/wp\/v2\/tags?post=567"}],"curies":[{"name":"wp","href":"https:\/\/api.w.org\/{rel}","templated":true}]}}