{"id":659,"date":"2019-01-21T15:49:06","date_gmt":"2019-01-21T18:49:06","guid":{"rendered":"http:\/\/filtrocapacitivo.com.br\/blog\/?p=659"},"modified":"2019-01-21T17:09:49","modified_gmt":"2019-01-21T20:09:49","slug":"aumento-consumo-energia","status":"publish","type":"post","link":"https:\/\/filtrocapacitivo.com.br\/blog\/aumento-consumo-energia\/","title":{"rendered":"Consumo de energia segue quebrando recordes em Santa Catarina"},"content":{"rendered":"<p>Canal Energia &#8211; 21\/01\/2019<\/p>\n<p>A demanda de energia el\u00e9trica na \u00e1rea de concess\u00e3o da Celesc, em Santa Catarina, quebrou tr\u00eas recordes seguidos em janeiro, nos dias 15 (4.875 MW), 16 (4.989,82 MW) e 17 (5.030 MW). O \u00faltimo recorde havia sido registrado em 12 de dezembro passado: 4.826 MW.<\/p>\n<p>Segundo Gustavo Cavalcante de Carvalho Rocha, chefe do Departamento de Comercializa\u00e7\u00e3o da Celesc, a demanda est\u00e1 alta n\u00e3o somente no per\u00edodo da tarde, onde foram registrados os recordes, ou \u00e0 noite, quando entra o sistema de ilumina\u00e7\u00e3o p\u00fablica. \u201cOntem (17\/1), por exemplo, o pico da noite reduziu apenas 20% da demanda m\u00e1xima\u201d, disse.<\/p>\n<p>Dados preliminares de consumo do Operador Nacional do Sistema (ONS) apontam crescimento de 13,7% na demanda em Santa Catarina na compara\u00e7\u00e3o com a temporada 2017\/2018. O \u00faltimo boletim consolidado com dados de mercado, divulgado em 6 de dezembro de 2018, mostrou crescimento do consumo de energia el\u00e9trica na \u00e1rea de concess\u00e3o da Celesc de 2,3% no acumulado do ano passado e, na compara\u00e7\u00e3o de 12 meses, relativa ao mesmo per\u00edodo anterior, a varia\u00e7\u00e3o positiva foi de 2,8%.<\/p>\n<p>O destaque foi justamente o desempenho da classe residencial, com crescimento de 5,2% do consumo faturado na compara\u00e7\u00e3o com igual per\u00edodo de 2017. Esse incremento elevou o acumulado no ano dessa classe de consumo a 2,2%, perto do incremento de 2,3% do mercado total, indicando segundo semestre mais robusto nesse segmento.<\/p>\n<p>\u201cEsse aumento brusco de temperatura tem como conseq\u00fc\u00eancia maior utiliza\u00e7\u00e3o de aparelhos condicionadores de ar, que demandam bastante pot\u00eancia\u201d, explicou Carvalho Rocha.<\/p>\n","protected":false},"excerpt":{"rendered":"<p>Canal Energia &#8211; 21\/01\/2019 A demanda de energia el\u00e9trica na \u00e1rea de concess\u00e3o da Celesc, em Santa Catarina, quebrou tr\u00eas recordes seguidos em janeiro, nos dias<span class=\"excerpt-hellip\"> [\u2026]<\/span><\/p>\n","protected":false},"author":1,"featured_media":660,"comment_status":"closed","ping_status":"closed","sticky":false,"template":"","format":"standard","meta":{"footnotes":""},"categories":[5],"tags":[],"class_list":["post-659","post","type-post","status-publish","format-standard","has-post-thumbnail","hentry","category-noticias"],"_links":{"self":[{"href":"https:\/\/filtrocapacitivo.com.br\/blog\/wp-json\/wp\/v2\/posts\/659","targetHints":{"allow":["GET"]}}],"collection":[{"href":"https:\/\/filtrocapacitivo.com.br\/blog\/wp-json\/wp\/v2\/posts"}],"about":[{"href":"https:\/\/filtrocapacitivo.com.br\/blog\/wp-json\/wp\/v2\/types\/post"}],"author":[{"embeddable":true,"href":"https:\/\/filtrocapacitivo.com.br\/blog\/wp-json\/wp\/v2\/users\/1"}],"replies":[{"embeddable":true,"href":"https:\/\/filtrocapacitivo.com.br\/blog\/wp-json\/wp\/v2\/comments?post=659"}],"version-history":[{"count":3,"href":"https:\/\/filtrocapacitivo.com.br\/blog\/wp-json\/wp\/v2\/posts\/659\/revisions"}],"predecessor-version":[{"id":664,"href":"https:\/\/filtrocapacitivo.com.br\/blog\/wp-json\/wp\/v2\/posts\/659\/revisions\/664"}],"wp:featuredmedia":[{"embeddable":true,"href":"https:\/\/filtrocapacitivo.com.br\/blog\/wp-json\/wp\/v2\/media\/660"}],"wp:attachment":[{"href":"https:\/\/filtrocapacitivo.com.br\/blog\/wp-json\/wp\/v2\/media?parent=659"}],"wp:term":[{"taxonomy":"category","embeddable":true,"href":"https:\/\/filtrocapacitivo.com.br\/blog\/wp-json\/wp\/v2\/categories?post=659"},{"taxonomy":"post_tag","embeddable":true,"href":"https:\/\/filtrocapacitivo.com.br\/blog\/wp-json\/wp\/v2\/tags?post=659"}],"curies":[{"name":"wp","href":"https:\/\/api.w.org\/{rel}","templated":true}]}}