{"id":665,"date":"2019-01-24T17:18:57","date_gmt":"2019-01-24T20:18:57","guid":{"rendered":"http:\/\/filtrocapacitivo.com.br\/blog\/?p=665"},"modified":"2019-01-24T17:18:57","modified_gmt":"2019-01-24T20:18:57","slug":"consumo-energia-recorde","status":"publish","type":"post","link":"https:\/\/filtrocapacitivo.com.br\/blog\/consumo-energia-recorde\/","title":{"rendered":"Consumo de energia tem o 4\u00ba recorde consecutivo"},"content":{"rendered":"<p>O Estado de S.Paulo &#8211; 24\/01\/2019<\/p>\n<p>A carga de energia el\u00e9trica no Brasil teve nova m\u00e1xima ontem, no quarto recorde consecutivo registrado apenas em janeiro, diante das altas temperaturas, informou o Operador Nacional do Sistema El\u00e9trico (ONS) em nota.<\/p>\n<p>Puxada pelo calor, que aumenta o uso de aparelhos de ar-condicionado, a carga m\u00e1xima no sistema interligado do pa\u00eds registrou na tarde desta quarta-feira a marca de 89.114 megawatts, ante 87.489 MW na v\u00e9spera.<\/p>\n<p>Ainda houve novo recorde de carga tamb\u00e9m no subsistema Sudeste\/Centro-Oeste, com pico de 53.143 megawatts nesta quarta-feira, em compara\u00e7\u00e3o com recorde anterior de 52.771 megawatts tamb\u00e9m na ter\u00e7a-feira.<\/p>\n<p>O ONS j\u00e1 havia registrados recordes de demanda nos dias 15 e 16 de janeiro, quando foram quebradas marcas registradas em 2014, antes de o pa\u00eds enfrentar uma recess\u00e3o que reduziu o consumo de eletricidade.<\/p>\n<p>O ONS pontuou ainda que est\u00e1 operando o sistema com algumas restri\u00e7\u00f5es, devido \u00e0s indisponibilidades da usina nuclear de Angra 2 e dos polos 1 e 3 do linh\u00e3o do Madeira, que limita em 50 % o escoamento da energia das hidrel\u00e9tricas de Santo Ant\u00f4nio e Jirau, em Rond\u00f4nia.<\/p>\n<p>Em fun\u00e7\u00e3o disso, o ONS explicou que foi necess\u00e1rio importar 1.200 megawatts da Argentina e 400 megawatts do Uruguai para atender os momentos de pico de demanda.<\/p>\n<p>\u201cCabe destacar que n\u00e3o houve interrup\u00e7\u00e3o no fornecimento de energia. O ONS e os agentes est\u00e3o trabalhando para resolver as indisponibilidades do sistema\u201d, ressaltou em nota o operador do setor el\u00e9trico brasileiro.<\/p>\n","protected":false},"excerpt":{"rendered":"<p>O Estado de S.Paulo &#8211; 24\/01\/2019 A carga de energia el\u00e9trica no Brasil teve nova m\u00e1xima ontem, no quarto recorde consecutivo registrado apenas em janeiro, diante<span class=\"excerpt-hellip\"> [\u2026]<\/span><\/p>\n","protected":false},"author":1,"featured_media":666,"comment_status":"closed","ping_status":"closed","sticky":false,"template":"","format":"standard","meta":{"footnotes":""},"categories":[5],"tags":[],"class_list":["post-665","post","type-post","status-publish","format-standard","has-post-thumbnail","hentry","category-noticias"],"_links":{"self":[{"href":"https:\/\/filtrocapacitivo.com.br\/blog\/wp-json\/wp\/v2\/posts\/665","targetHints":{"allow":["GET"]}}],"collection":[{"href":"https:\/\/filtrocapacitivo.com.br\/blog\/wp-json\/wp\/v2\/posts"}],"about":[{"href":"https:\/\/filtrocapacitivo.com.br\/blog\/wp-json\/wp\/v2\/types\/post"}],"author":[{"embeddable":true,"href":"https:\/\/filtrocapacitivo.com.br\/blog\/wp-json\/wp\/v2\/users\/1"}],"replies":[{"embeddable":true,"href":"https:\/\/filtrocapacitivo.com.br\/blog\/wp-json\/wp\/v2\/comments?post=665"}],"version-history":[{"count":1,"href":"https:\/\/filtrocapacitivo.com.br\/blog\/wp-json\/wp\/v2\/posts\/665\/revisions"}],"predecessor-version":[{"id":667,"href":"https:\/\/filtrocapacitivo.com.br\/blog\/wp-json\/wp\/v2\/posts\/665\/revisions\/667"}],"wp:featuredmedia":[{"embeddable":true,"href":"https:\/\/filtrocapacitivo.com.br\/blog\/wp-json\/wp\/v2\/media\/666"}],"wp:attachment":[{"href":"https:\/\/filtrocapacitivo.com.br\/blog\/wp-json\/wp\/v2\/media?parent=665"}],"wp:term":[{"taxonomy":"category","embeddable":true,"href":"https:\/\/filtrocapacitivo.com.br\/blog\/wp-json\/wp\/v2\/categories?post=665"},{"taxonomy":"post_tag","embeddable":true,"href":"https:\/\/filtrocapacitivo.com.br\/blog\/wp-json\/wp\/v2\/tags?post=665"}],"curies":[{"name":"wp","href":"https:\/\/api.w.org\/{rel}","templated":true}]}}