{"id":668,"date":"2019-01-25T12:33:16","date_gmt":"2019-01-25T15:33:16","guid":{"rendered":"http:\/\/filtrocapacitivo.com.br\/blog\/?p=668"},"modified":"2019-01-25T12:33:16","modified_gmt":"2019-01-25T15:33:16","slug":"consumo-energia-recorde-2","status":"publish","type":"post","link":"https:\/\/filtrocapacitivo.com.br\/blog\/consumo-energia-recorde-2\/","title":{"rendered":"Consumo de energia bate recorde: 89.114 MW"},"content":{"rendered":"<p>Parano\u00e1 Energia &#8211; 24\/01\/2019<\/p>\n<p>As altas temperaturas t\u00eam levado o Pa\u00eds a bater seguidos recordes de consumo. Segundo dados do Operador Nacional do Sistema El\u00e9trico (ONS), a demanda m\u00e1xima no Sistema Interligado Nacional (SIN) alcan\u00e7ou os 89.114 MW na tarde desta quarta-feira, 23 de janeiro, no quarto recorde anotado este m\u00eas. O recorde anterior, de 87.489 MW, foi observado na ter\u00e7a-feira, \u00e0s 15h26m.<\/p>\n<p>O ONS tamb\u00e9m observou novo recorde de carga no subsistema Sudeste\/Centro-Oeste, com pico de 53.143 MW. O recorde anterior era de 52.771 MW, \u00e0s 14h17m, tamb\u00e9m no dia 22 de janeiro.<\/p>\n<p>Em nota, o ONS comentou que o sistema est\u00e1 operando com algumas restri\u00e7\u00f5es, devido \u00e0s indisponibilidades da usina de Angra 2 e dos polos 1 e 3 do linh\u00e3o do Madeira, o que limita em 50% o escoamento da energia das hidrel\u00e9tricas de Santo Ant\u00f4nio e Jirau \u201cEm fun\u00e7\u00e3o disso, foi necess\u00e1rio importar 1.200 MW da Argentina e 400 MW do Uruguai para atender a ponta\u201d, comentou o operador, salientando que n\u00e3o houve interrup\u00e7\u00e3o no fornecimento de energia,<\/p>\n<p>A usina nuclear de Angra 2 saiu do Sistema Interligado Nacional (SIN) \u00e0s 12h32m desta quarta-feira, 23 de janeiro, devido a um problema em um transformador que n\u00e3o afeta a parte nuclear da unidade, informou a Eletronuclear. A usina tem capacidade instalada de 1.350 megawatts e sua aus\u00eancia obrigou o Operador Nacional do Sistema (ONS) a importar energia da Argentina. Segundo a Eletronuclear, n\u00e3o h\u00e1 prazo para a volta da usina Angra 2 ao sistema.<\/p>\n","protected":false},"excerpt":{"rendered":"<p>Parano\u00e1 Energia &#8211; 24\/01\/2019 As altas temperaturas t\u00eam levado o Pa\u00eds a bater seguidos recordes de consumo. Segundo dados do Operador Nacional do Sistema El\u00e9trico (ONS),<span class=\"excerpt-hellip\"> [\u2026]<\/span><\/p>\n","protected":false},"author":1,"featured_media":669,"comment_status":"closed","ping_status":"closed","sticky":false,"template":"","format":"standard","meta":{"footnotes":""},"categories":[5],"tags":[],"class_list":["post-668","post","type-post","status-publish","format-standard","has-post-thumbnail","hentry","category-noticias"],"_links":{"self":[{"href":"https:\/\/filtrocapacitivo.com.br\/blog\/wp-json\/wp\/v2\/posts\/668","targetHints":{"allow":["GET"]}}],"collection":[{"href":"https:\/\/filtrocapacitivo.com.br\/blog\/wp-json\/wp\/v2\/posts"}],"about":[{"href":"https:\/\/filtrocapacitivo.com.br\/blog\/wp-json\/wp\/v2\/types\/post"}],"author":[{"embeddable":true,"href":"https:\/\/filtrocapacitivo.com.br\/blog\/wp-json\/wp\/v2\/users\/1"}],"replies":[{"embeddable":true,"href":"https:\/\/filtrocapacitivo.com.br\/blog\/wp-json\/wp\/v2\/comments?post=668"}],"version-history":[{"count":1,"href":"https:\/\/filtrocapacitivo.com.br\/blog\/wp-json\/wp\/v2\/posts\/668\/revisions"}],"predecessor-version":[{"id":670,"href":"https:\/\/filtrocapacitivo.com.br\/blog\/wp-json\/wp\/v2\/posts\/668\/revisions\/670"}],"wp:featuredmedia":[{"embeddable":true,"href":"https:\/\/filtrocapacitivo.com.br\/blog\/wp-json\/wp\/v2\/media\/669"}],"wp:attachment":[{"href":"https:\/\/filtrocapacitivo.com.br\/blog\/wp-json\/wp\/v2\/media?parent=668"}],"wp:term":[{"taxonomy":"category","embeddable":true,"href":"https:\/\/filtrocapacitivo.com.br\/blog\/wp-json\/wp\/v2\/categories?post=668"},{"taxonomy":"post_tag","embeddable":true,"href":"https:\/\/filtrocapacitivo.com.br\/blog\/wp-json\/wp\/v2\/tags?post=668"}],"curies":[{"name":"wp","href":"https:\/\/api.w.org\/{rel}","templated":true}]}}