{"id":684,"date":"2019-01-31T11:55:25","date_gmt":"2019-01-31T14:55:25","guid":{"rendered":"http:\/\/filtrocapacitivo.com.br\/blog\/?p=684"},"modified":"2019-01-31T11:55:25","modified_gmt":"2019-01-31T14:55:25","slug":"restricoes-importar-energia","status":"publish","type":"post","link":"https:\/\/filtrocapacitivo.com.br\/blog\/restricoes-importar-energia\/","title":{"rendered":"Restri\u00e7\u00f5es no SIN fazem Brasil importar mais energia do Uruguai e Argentina"},"content":{"rendered":"<p>Canal Energia &#8211; 28\/01\/2019<\/p>\n<p>Por conta de ocorr\u00eancias no Sistema Interligado Nacional nos \u00faltimos dias, o Brasil precisou novamente comprar energia de pa\u00edses vizinhos. Desta vez foram 1.000 MW importados da Argentina e 400 MW do Uruguai, no per\u00edodo entre 13:30 horas at\u00e9 \u00e0s 17:04 horas. A informa\u00e7\u00e3o consta no Informativo Preliminar Di\u00e1rio da Opera\u00e7\u00e3o da \u00faltima quinta-feira, 24 de janeiro, publicado pelo Operador Nacional do Sistema El\u00e9trico.<\/p>\n<p>Segundo o Operador, o SIN operou com restri\u00e7\u00f5es devido ao desligamento de Angra 2 e dos polos 1 e 3 do ELO CC Coletora Porto Velho\/Araraquara II, fator que limitou em 50% o escoamento de energia das hidrel\u00e9tricas de Santo Ant\u00f4nio e Jirau.<\/p>\n","protected":false},"excerpt":{"rendered":"<p>Canal Energia &#8211; 28\/01\/2019 Por conta de ocorr\u00eancias no Sistema Interligado Nacional nos \u00faltimos dias, o Brasil precisou novamente comprar energia de pa\u00edses vizinhos. Desta vez<span class=\"excerpt-hellip\"> [\u2026]<\/span><\/p>\n","protected":false},"author":1,"featured_media":680,"comment_status":"closed","ping_status":"closed","sticky":false,"template":"","format":"standard","meta":{"footnotes":""},"categories":[5],"tags":[],"class_list":["post-684","post","type-post","status-publish","format-standard","has-post-thumbnail","hentry","category-noticias"],"_links":{"self":[{"href":"https:\/\/filtrocapacitivo.com.br\/blog\/wp-json\/wp\/v2\/posts\/684","targetHints":{"allow":["GET"]}}],"collection":[{"href":"https:\/\/filtrocapacitivo.com.br\/blog\/wp-json\/wp\/v2\/posts"}],"about":[{"href":"https:\/\/filtrocapacitivo.com.br\/blog\/wp-json\/wp\/v2\/types\/post"}],"author":[{"embeddable":true,"href":"https:\/\/filtrocapacitivo.com.br\/blog\/wp-json\/wp\/v2\/users\/1"}],"replies":[{"embeddable":true,"href":"https:\/\/filtrocapacitivo.com.br\/blog\/wp-json\/wp\/v2\/comments?post=684"}],"version-history":[{"count":1,"href":"https:\/\/filtrocapacitivo.com.br\/blog\/wp-json\/wp\/v2\/posts\/684\/revisions"}],"predecessor-version":[{"id":685,"href":"https:\/\/filtrocapacitivo.com.br\/blog\/wp-json\/wp\/v2\/posts\/684\/revisions\/685"}],"wp:featuredmedia":[{"embeddable":true,"href":"https:\/\/filtrocapacitivo.com.br\/blog\/wp-json\/wp\/v2\/media\/680"}],"wp:attachment":[{"href":"https:\/\/filtrocapacitivo.com.br\/blog\/wp-json\/wp\/v2\/media?parent=684"}],"wp:term":[{"taxonomy":"category","embeddable":true,"href":"https:\/\/filtrocapacitivo.com.br\/blog\/wp-json\/wp\/v2\/categories?post=684"},{"taxonomy":"post_tag","embeddable":true,"href":"https:\/\/filtrocapacitivo.com.br\/blog\/wp-json\/wp\/v2\/tags?post=684"}],"curies":[{"name":"wp","href":"https:\/\/api.w.org\/{rel}","templated":true}]}}