{"id":699,"date":"2019-02-07T01:16:09","date_gmt":"2019-02-07T04:16:09","guid":{"rendered":"http:\/\/filtrocapacitivo.com.br\/blog\/?p=699"},"modified":"2019-02-13T11:15:23","modified_gmt":"2019-02-13T14:15:23","slug":"cresce-consumo-energia","status":"publish","type":"post","link":"https:\/\/filtrocapacitivo.com.br\/blog\/cresce-consumo-energia\/","title":{"rendered":"Consumo de energia cresce 1,1% em 2018, diz EPE"},"content":{"rendered":"<p>Canal Energia &#8211; 01\/02\/2019<\/p>\n<p>O consumo nacional de energia el\u00e9trica em 2018 totalizou 472.242 GWh, varia\u00e7\u00e3o positiva de 1,1% na compara\u00e7\u00e3o com 2017. Em dezembro, o pa\u00eds consumiu 39.771 GWh, representando crescimento de 0,5% em rela\u00e7\u00e3o ao mesmo m\u00eas de 2017. Os dados divulgados nesta quinta-feira, 31 de janeiro, s\u00e3o da Empresa de Pesquisa Energ\u00e9tica (EPE).<\/p>\n<p>Em 2018, consumo da classe residencial avan\u00e7ou 1,2% (136.022 GWh); o industrial 1,3% (169.549 GWh) e o comercial 0,6% (88.815 GWh). O consumo nacional de energia do pa\u00eds no ano passado apresentou varia\u00e7\u00e3o positiva em quatro regi\u00f5es (Nordeste +1,5%; Sudeste +1,6%; Sul 1,7%; Centro-Oeste +2,3%).<\/p>\n<p>Em dezembro, as regi\u00f5es Sudeste (+1,3% no m\u00eas e +1,6% no ano), Sul (+2,2% no m\u00eas e +1,7% no ano) e Centro-Oeste (+4,8% no m\u00eas e +2,3% no ano) tiveram avan\u00e7os no consumo de eletricidade.<\/p>\n","protected":false},"excerpt":{"rendered":"<p>Canal Energia &#8211; 01\/02\/2019 O consumo nacional de energia el\u00e9trica em 2018 totalizou 472.242 GWh, varia\u00e7\u00e3o positiva de 1,1% na compara\u00e7\u00e3o com 2017. Em dezembro, o<span class=\"excerpt-hellip\"> [\u2026]<\/span><\/p>\n","protected":false},"author":1,"featured_media":702,"comment_status":"closed","ping_status":"closed","sticky":false,"template":"","format":"standard","meta":{"footnotes":""},"categories":[5],"tags":[],"class_list":["post-699","post","type-post","status-publish","format-standard","has-post-thumbnail","hentry","category-noticias"],"_links":{"self":[{"href":"https:\/\/filtrocapacitivo.com.br\/blog\/wp-json\/wp\/v2\/posts\/699","targetHints":{"allow":["GET"]}}],"collection":[{"href":"https:\/\/filtrocapacitivo.com.br\/blog\/wp-json\/wp\/v2\/posts"}],"about":[{"href":"https:\/\/filtrocapacitivo.com.br\/blog\/wp-json\/wp\/v2\/types\/post"}],"author":[{"embeddable":true,"href":"https:\/\/filtrocapacitivo.com.br\/blog\/wp-json\/wp\/v2\/users\/1"}],"replies":[{"embeddable":true,"href":"https:\/\/filtrocapacitivo.com.br\/blog\/wp-json\/wp\/v2\/comments?post=699"}],"version-history":[{"count":1,"href":"https:\/\/filtrocapacitivo.com.br\/blog\/wp-json\/wp\/v2\/posts\/699\/revisions"}],"predecessor-version":[{"id":703,"href":"https:\/\/filtrocapacitivo.com.br\/blog\/wp-json\/wp\/v2\/posts\/699\/revisions\/703"}],"wp:featuredmedia":[{"embeddable":true,"href":"https:\/\/filtrocapacitivo.com.br\/blog\/wp-json\/wp\/v2\/media\/702"}],"wp:attachment":[{"href":"https:\/\/filtrocapacitivo.com.br\/blog\/wp-json\/wp\/v2\/media?parent=699"}],"wp:term":[{"taxonomy":"category","embeddable":true,"href":"https:\/\/filtrocapacitivo.com.br\/blog\/wp-json\/wp\/v2\/categories?post=699"},{"taxonomy":"post_tag","embeddable":true,"href":"https:\/\/filtrocapacitivo.com.br\/blog\/wp-json\/wp\/v2\/tags?post=699"}],"curies":[{"name":"wp","href":"https:\/\/api.w.org\/{rel}","templated":true}]}}