{"id":711,"date":"2019-02-13T11:09:57","date_gmt":"2019-02-13T14:09:57","guid":{"rendered":"http:\/\/filtrocapacitivo.com.br\/blog\/?p=711"},"modified":"2019-02-13T11:10:01","modified_gmt":"2019-02-13T14:10:01","slug":"brasil-atinge-maior-nivel-de-producao-de-energia-eletrica-em-20-anos","status":"publish","type":"post","link":"https:\/\/filtrocapacitivo.com.br\/blog\/brasil-atinge-maior-nivel-de-producao-de-energia-eletrica-em-20-anos\/","title":{"rendered":"Brasil atinge maior n\u00edvel de produ\u00e7\u00e3o de energia el\u00e9trica em 20 anos"},"content":{"rendered":"\n<p>O Brasil atingiu na tarde desta\nter\u00e7a-feira (22) o maior n\u00edvel de produ\u00e7\u00e3o de energia el\u00e9trica em 20 anos para\ndar conta do aumento no consumo.<\/p>\n\n\n\n<p>Um calor de derreter l\u00e1 fora e seu\nGilberto na boa: 17\u00b0C dentro de casa.<\/p>\n\n\n\n<p>\u201cA situa\u00e7\u00e3o aqui, voc\u00ea est\u00e1 num\ninteriorzinho mais frio, mais tranquilo\u201d, diz o representante comercial\nGilberto Silva Santos.<\/p>\n\n\n\n<p>Suadeira agora s\u00f3 na hora de pagar a\nconta de luz. A despesa com energia el\u00e9trica mais que dobrou. De cara, o\nespecialista identificou um problema: o ar-condicionado \u00e9 daqueles que consomem\nmais energia.<\/p>\n\n\n\n<p>\u201cNo caso aqui, voc\u00ea comprou um\nequipamento classificado como C. Ele consome mais energia. O A \u00e9 o mais\neficiente, chega a ser quase 30% mais eficiente do que este classificado como\nC. Ent\u00e3o, quando voc\u00ea compra o equipamento talvez um pouco mais barato, ao\nlongo do tempo de uso, voc\u00ea vai pagando essa diferen\u00e7a. Acaba ficando bem mais\ncaro. \u00c9 o barato que sai caro\u201d, explicou o especialista Cemig.<\/p>\n\n\n\n<p>E tem muito mais coisa para ajudar o\nbolso: usar o chuveiro na posi\u00e7\u00e3o desligado; trocar l\u00e2mpadas por modelos de\nled, mais eficientes; verificar se a borracha da geladeira est\u00e1 vedando\nadequadamente. Uma dica \u00e9 fazer o teste da folha de papel na porta. Se ela n\u00e3o\nficar presa, est\u00e1 na hora de trocar o isolamento.<\/p>\n\n\n\n<p>\u201cN\u00f3s somos escravos dos nossos\nh\u00e1bitos. Uma conta a\u00ed de R$ 100, a gente est\u00e1 falando a\u00ed de R$ 15 a R$ 20 de\nenergia que a gente est\u00e1 pagando que foi registrada no medidor, que foi\nconsumida, mas que n\u00e3o gerou benef\u00edcio\u201d, disse o gerente de Efici\u00eancia\nEnerg\u00e9tica da Cemig, Ronaldo Lucas Queiroz.<\/p>\n\n\n\n<p>Economizar em casa tamb\u00e9m ajuda a dar\numa folga ao sistema de gera\u00e7\u00e3o do pa\u00eds, que tem registrado recordes de\nconsumo, principalmente nos hor\u00e1rios de calor mais intenso, entre \u00e0s 14h e \u00e0s\n17h.<\/p>\n\n\n\n<p>O gr\u00e1fico mostra como foi a evolu\u00e7\u00e3o\ndo consumo nesta ter\u00e7a (22). Vai aumentando ao longo do dia e \u00e0s 15h27, um\nrecorde em 20 anos: 87.521 megawatts consumidos. Em seguida, a demanda come\u00e7a a\ncair.<\/p>\n\n\n\n<p>\u201cA previs\u00e3o de chuva para janeiro,\nencerrando na semana que vem, deve ser chover abaixo de 65% da m\u00e9dia hist\u00f3rica.\nCom o agravante de janeiro ser um dos melhores meses de chuvas para o sistema\ninterligado nacional. Isso quer dizer que v\u00e3o ter pre\u00e7os elevados em boa parte\ndo ano, se n\u00e3o todo o ano\u201d, diz o especialista em mercado de energia, Walter\nFroes.<\/p>\n\n\n\n<p>O representante comercial Madison\nGomes agradece todo dia pelas atitudes vigilantes do filho Leonardo, de 9 anos,\ndentro de casa.<\/p>\n\n\n\n<p>\u201c\u00c9 um exemplo. Ele molha, fecha o\nchuveiro, ensaboa, abre o chuveiro. Meu menino fala comigo: \u2018Pai, a \u00e1gua est\u00e1\nacabando do mundo\u2019. Acho que a gente tem muito a aprender com crian\u00e7a\u201d.<\/p>\n\n\n\n<h2 class=\"wp-block-heading\"><strong>Sistema de gera\u00e7\u00e3o de energia tem registrado recordes de consumo, principalmente no hor\u00e1rio de calor mais intenso, entre as 14h e as 17h.<\/strong><\/h2>\n\n\n\n<p><\/p>\n\n\n\n<h2 class=\"wp-block-heading\"><\/h2>\n","protected":false},"excerpt":{"rendered":"<p>O Brasil atingiu na tarde desta ter\u00e7a-feira (22) o maior n\u00edvel de produ\u00e7\u00e3o de energia el\u00e9trica em 20 anos para dar conta do aumento no consumo.<span class=\"excerpt-hellip\"> [\u2026]<\/span><\/p>\n","protected":false},"author":1,"featured_media":687,"comment_status":"closed","ping_status":"closed","sticky":false,"template":"","format":"standard","meta":{"footnotes":""},"categories":[1],"tags":[],"class_list":["post-711","post","type-post","status-publish","format-standard","has-post-thumbnail","hentry","category-filtros-capacitivos"],"_links":{"self":[{"href":"https:\/\/filtrocapacitivo.com.br\/blog\/wp-json\/wp\/v2\/posts\/711","targetHints":{"allow":["GET"]}}],"collection":[{"href":"https:\/\/filtrocapacitivo.com.br\/blog\/wp-json\/wp\/v2\/posts"}],"about":[{"href":"https:\/\/filtrocapacitivo.com.br\/blog\/wp-json\/wp\/v2\/types\/post"}],"author":[{"embeddable":true,"href":"https:\/\/filtrocapacitivo.com.br\/blog\/wp-json\/wp\/v2\/users\/1"}],"replies":[{"embeddable":true,"href":"https:\/\/filtrocapacitivo.com.br\/blog\/wp-json\/wp\/v2\/comments?post=711"}],"version-history":[{"count":1,"href":"https:\/\/filtrocapacitivo.com.br\/blog\/wp-json\/wp\/v2\/posts\/711\/revisions"}],"predecessor-version":[{"id":712,"href":"https:\/\/filtrocapacitivo.com.br\/blog\/wp-json\/wp\/v2\/posts\/711\/revisions\/712"}],"wp:featuredmedia":[{"embeddable":true,"href":"https:\/\/filtrocapacitivo.com.br\/blog\/wp-json\/wp\/v2\/media\/687"}],"wp:attachment":[{"href":"https:\/\/filtrocapacitivo.com.br\/blog\/wp-json\/wp\/v2\/media?parent=711"}],"wp:term":[{"taxonomy":"category","embeddable":true,"href":"https:\/\/filtrocapacitivo.com.br\/blog\/wp-json\/wp\/v2\/categories?post=711"},{"taxonomy":"post_tag","embeddable":true,"href":"https:\/\/filtrocapacitivo.com.br\/blog\/wp-json\/wp\/v2\/tags?post=711"}],"curies":[{"name":"wp","href":"https:\/\/api.w.org\/{rel}","templated":true}]}}