{"id":715,"date":"2019-02-15T12:00:15","date_gmt":"2019-02-15T15:00:15","guid":{"rendered":"http:\/\/filtrocapacitivo.com.br\/blog\/?p=715"},"modified":"2019-02-13T11:26:00","modified_gmt":"2019-02-13T14:26:00","slug":"nordeste-bate-recorde-de-carga-no-sin-afirma-ons","status":"publish","type":"post","link":"https:\/\/filtrocapacitivo.com.br\/blog\/nordeste-bate-recorde-de-carga-no-sin-afirma-ons\/","title":{"rendered":"Nordeste bate recorde de carga no SIN, afirma ONS"},"content":{"rendered":"\n<p>Canal Energia &#8211; 06\/02\/2019<\/p>\n\n\n\n<p>A carga de energia verificada no Sistema Nacional Interligado \u2013\nSIN bateu recorde no subsistema Nordeste. Segundo o Operador Nacional do\nSistema El\u00e9trico a regi\u00e3o atingiu a marca hist\u00f3rica de 13.110 MW \u00e0s 15:49 horas\nda \u00faltima segunda-feira, 4 de fevereiro, superando o volume de 12.941 MW\naferido em 26 de outubro do ano passado.<\/p>\n","protected":false},"excerpt":{"rendered":"<p>Canal Energia &#8211; 06\/02\/2019 A carga de energia verificada no Sistema Nacional Interligado \u2013 SIN bateu recorde no subsistema Nordeste. Segundo o Operador Nacional do Sistema<span class=\"excerpt-hellip\"> [\u2026]<\/span><\/p>\n","protected":false},"author":1,"featured_media":672,"comment_status":"closed","ping_status":"closed","sticky":false,"template":"","format":"standard","meta":{"footnotes":""},"categories":[1],"tags":[],"class_list":["post-715","post","type-post","status-publish","format-standard","has-post-thumbnail","hentry","category-filtros-capacitivos"],"_links":{"self":[{"href":"https:\/\/filtrocapacitivo.com.br\/blog\/wp-json\/wp\/v2\/posts\/715","targetHints":{"allow":["GET"]}}],"collection":[{"href":"https:\/\/filtrocapacitivo.com.br\/blog\/wp-json\/wp\/v2\/posts"}],"about":[{"href":"https:\/\/filtrocapacitivo.com.br\/blog\/wp-json\/wp\/v2\/types\/post"}],"author":[{"embeddable":true,"href":"https:\/\/filtrocapacitivo.com.br\/blog\/wp-json\/wp\/v2\/users\/1"}],"replies":[{"embeddable":true,"href":"https:\/\/filtrocapacitivo.com.br\/blog\/wp-json\/wp\/v2\/comments?post=715"}],"version-history":[{"count":1,"href":"https:\/\/filtrocapacitivo.com.br\/blog\/wp-json\/wp\/v2\/posts\/715\/revisions"}],"predecessor-version":[{"id":716,"href":"https:\/\/filtrocapacitivo.com.br\/blog\/wp-json\/wp\/v2\/posts\/715\/revisions\/716"}],"wp:featuredmedia":[{"embeddable":true,"href":"https:\/\/filtrocapacitivo.com.br\/blog\/wp-json\/wp\/v2\/media\/672"}],"wp:attachment":[{"href":"https:\/\/filtrocapacitivo.com.br\/blog\/wp-json\/wp\/v2\/media?parent=715"}],"wp:term":[{"taxonomy":"category","embeddable":true,"href":"https:\/\/filtrocapacitivo.com.br\/blog\/wp-json\/wp\/v2\/categories?post=715"},{"taxonomy":"post_tag","embeddable":true,"href":"https:\/\/filtrocapacitivo.com.br\/blog\/wp-json\/wp\/v2\/tags?post=715"}],"curies":[{"name":"wp","href":"https:\/\/api.w.org\/{rel}","templated":true}]}}