{"id":718,"date":"2019-02-20T21:58:09","date_gmt":"2019-02-21T00:58:09","guid":{"rendered":"http:\/\/filtrocapacitivo.com.br\/blog\/?p=718"},"modified":"2019-02-20T22:02:25","modified_gmt":"2019-02-21T01:02:25","slug":"defesa-civil-do-df-realiza-teste-na-barragem-do-lago-paranoa","status":"publish","type":"post","link":"https:\/\/filtrocapacitivo.com.br\/blog\/defesa-civil-do-df-realiza-teste-na-barragem-do-lago-paranoa\/","title":{"rendered":"Defesa Civil do DF realiza teste na barragem do lago Parano\u00e1"},"content":{"rendered":"\n<h2 class=\"wp-block-heading\">Local abriga pequena central hidrel\u00e9trica da Companhia Energ\u00e9tica de Bras\u00edlia<\/h2>\n\n\n\n<p>A Defesa Civil do Distrito Federal\nvai realizar na pr\u00f3xima segunda-feira, 18 de fevereiro, testes na sirene localizada\nna barragem do Lago Parano\u00e1, onde est\u00e1 instalada uma pequena central\nhidrel\u00e9trica da Companhia Energ\u00e9tica de Bras\u00edlia.&nbsp; O objetivo, segundo\nnota da Ag\u00eancia Bras\u00edlia (do governo do DF), \u00e9 verificar se o disparo do\nequipamento pode ser ouvido a cada 2 km, em um raio de 10 km da barragem, e se\nh\u00e1 necessidade de instala\u00e7\u00e3o de outras sirenes. A PCH Parano\u00e1 est\u00e1 na lista das\n142 usinas que ser\u00e3o fiscalizadas at\u00e9 maio pela Ag\u00eancia Nacional de Energia\nEl\u00e9trica.<\/p>\n\n\n\n<p>Desde o in\u00edcio da semana, t\u00e9cnicos do\n\u00f3rg\u00e3o vinculado \u00e0 Secretaria de Seguran\u00e7a P\u00fablica t\u00eam visitado fam\u00edlias que\nmoram nas imedia\u00e7\u00f5es da barragem e orientado sobre os procedimentos a serem\nadotados caso haja problemas na instala\u00e7\u00e3o. O trabalho da Defesa Civil \u00e9 feito\nem parceria com a CEB, que apresentou um mapa de inunda\u00e7\u00e3o em caso de acidente\nna barragem.<\/p>\n\n\n\n<p>\u201cA preven\u00e7\u00e3o \u00e9 sempre a melhor\nsolu\u00e7\u00e3o\u201d, disse o secret\u00e1rio de Seguran\u00e7a do DF, Anderson Torres.&nbsp; Ele\nacrescentou que quando n\u00e3o consegue evitar o acidente, a a\u00e7\u00e3o preventiva pelo\nmenos&nbsp; reduz os preju\u00edzos. \u201cEm trag\u00e9dias como aquelas a que assistimos em\nMariana e Brumadinho (MG), a maior preocupa\u00e7\u00e3o \u00e9 sempre com a vida das\npessoas\u201d.<\/p>\n\n\n\n<p>A Defesa Civil deve se reunir com a\ncomunidade ap\u00f3s a realiza\u00e7\u00e3o do teste na semana que vem,&nbsp; para apresentar\nos pontos \u00e0s margens direita e esquerda do rio S\u00e3o Bartolomeu, onde os\nmoradores estar\u00e3o em seguran\u00e7a em caso de rompimento da barragem.<\/p>\n","protected":false},"excerpt":{"rendered":"<p>Local abriga pequena central hidrel\u00e9trica da Companhia Energ\u00e9tica de Bras\u00edlia A Defesa Civil do Distrito Federal vai realizar na pr\u00f3xima segunda-feira, 18 de fevereiro, testes na<span class=\"excerpt-hellip\"> [\u2026]<\/span><\/p>\n","protected":false},"author":1,"featured_media":463,"comment_status":"closed","ping_status":"closed","sticky":false,"template":"","format":"standard","meta":{"footnotes":""},"categories":[1],"tags":[],"class_list":["post-718","post","type-post","status-publish","format-standard","has-post-thumbnail","hentry","category-filtros-capacitivos"],"_links":{"self":[{"href":"https:\/\/filtrocapacitivo.com.br\/blog\/wp-json\/wp\/v2\/posts\/718","targetHints":{"allow":["GET"]}}],"collection":[{"href":"https:\/\/filtrocapacitivo.com.br\/blog\/wp-json\/wp\/v2\/posts"}],"about":[{"href":"https:\/\/filtrocapacitivo.com.br\/blog\/wp-json\/wp\/v2\/types\/post"}],"author":[{"embeddable":true,"href":"https:\/\/filtrocapacitivo.com.br\/blog\/wp-json\/wp\/v2\/users\/1"}],"replies":[{"embeddable":true,"href":"https:\/\/filtrocapacitivo.com.br\/blog\/wp-json\/wp\/v2\/comments?post=718"}],"version-history":[{"count":1,"href":"https:\/\/filtrocapacitivo.com.br\/blog\/wp-json\/wp\/v2\/posts\/718\/revisions"}],"predecessor-version":[{"id":719,"href":"https:\/\/filtrocapacitivo.com.br\/blog\/wp-json\/wp\/v2\/posts\/718\/revisions\/719"}],"wp:featuredmedia":[{"embeddable":true,"href":"https:\/\/filtrocapacitivo.com.br\/blog\/wp-json\/wp\/v2\/media\/463"}],"wp:attachment":[{"href":"https:\/\/filtrocapacitivo.com.br\/blog\/wp-json\/wp\/v2\/media?parent=718"}],"wp:term":[{"taxonomy":"category","embeddable":true,"href":"https:\/\/filtrocapacitivo.com.br\/blog\/wp-json\/wp\/v2\/categories?post=718"},{"taxonomy":"post_tag","embeddable":true,"href":"https:\/\/filtrocapacitivo.com.br\/blog\/wp-json\/wp\/v2\/tags?post=718"}],"curies":[{"name":"wp","href":"https:\/\/api.w.org\/{rel}","templated":true}]}}