{"id":730,"date":"2019-02-27T11:29:16","date_gmt":"2019-02-27T14:29:16","guid":{"rendered":"http:\/\/filtrocapacitivo.com.br\/blog\/?p=730"},"modified":"2019-02-21T12:31:38","modified_gmt":"2019-02-21T15:31:38","slug":"clima-quente-puxa-consumo-nacional-de-energia-em-66-em-janeiro","status":"publish","type":"post","link":"https:\/\/filtrocapacitivo.com.br\/blog\/clima-quente-puxa-consumo-nacional-de-energia-em-66-em-janeiro\/","title":{"rendered":"Clima quente puxa consumo nacional de energia em 6,6% em janeiro"},"content":{"rendered":"\n<p>O consumo nacional de energia el\u00e9trica em \njaneiro alcan\u00e7ou 73.090 MW m\u00e9dios, o que representa um aumento de 6,6% \nna compara\u00e7\u00e3o com igual per\u00edodo de 2017, informou o Operador Nacional do\n Sistema El\u00e9trico (ONS) em boletim divulgado nesta ter\u00e7a-feira, 19 de \nfevereiro.<\/p>\n\n\n\n<p>A explica\u00e7\u00e3o est\u00e1 na ocorr\u00eancia de \ntemperaturas \u201cextremamente elevadas, principalmente nos subsistemas Sul e\n Sudeste\/Centro-Oeste\u201d. Com as temperaturas mais elevadas, a popula\u00e7\u00e3o \nintensifica o uso de refrigeradores de ambiente, consequentemente \ncontribuindo para tamb\u00e9m aumentar o consumo de energia el\u00e9trica.<\/p>\n\n\n\n<p>\u201cA taxa de crescimento de 4,4% na carga \najustada corrobora com essa afirma\u00e7\u00e3o, indicando que os fatores \nfortuitos, n\u00e3o econ\u00f4micos, contribu\u00edram positivamente com 2,0% para a \ntaxa de varia\u00e7\u00e3o da carga do SIN em janeiro\/18\u201d, escreveu o \u00f3rg\u00e3o.<\/p>\n\n\n\n<p>Na compara\u00e7\u00e3o com dezembro de 2018, a \ncarga de janeiro apresentou uma varia\u00e7\u00e3o positiva de 7,8%. No acumulado \ndos \u00faltimos 12 meses, o Sistema Interligado Nacional (SIN) apresentou \numa varia\u00e7\u00e3o positiva de 2% em rela\u00e7\u00e3o ao mesmo per\u00edodo anterior.<\/p>\n\n\n\n<p>Ainda segundo ONS, a carga avan\u00e7ou  positivamente no Sudeste (7,8%), no Sul (8,8%), no Nordeste (2,8%), no  Norte (0,6%), isso na compara\u00e7\u00e3o anual.<\/p>\n\n\n\n<p><\/p>\n\n\n\n<figure class=\"wp-block-image\"><a href=\"https:\/\/drudu6g9smo13.cloudfront.net\/wp-content\/uploads\/2019\/02\/Carga_Janeiro2019.jpg\" target=\"_blank\" rel=\"noreferrer noopener\"><img decoding=\"async\" src=\"https:\/\/ci6.googleusercontent.com\/proxy\/0mlz8O2kk1W9lWi1V3pj_pJ7ZZ32upXPUWG-5qsg-NsYfyAj9gAEQWT_3so5KzN3vWrdzxlbXziBiBj7FxW_i-9vLHuavvRXmn0H3MzdMsGS-8C6WfvO2NWmjArIVvglPEbYz2roNhI=s0-d-e1-ft#https:\/\/drudu6g9smo13.cloudfront.net\/wp-content\/uploads\/2019\/02\/Carga_Janeiro2019.jpg\" alt=\"\"\/><\/a><\/figure>\n","protected":false},"excerpt":{"rendered":"<p>O consumo nacional de energia el\u00e9trica em janeiro alcan\u00e7ou 73.090 MW m\u00e9dios, o que representa um aumento de 6,6% na compara\u00e7\u00e3o com igual per\u00edodo de 2017,<span class=\"excerpt-hellip\"> [\u2026]<\/span><\/p>\n","protected":false},"author":1,"featured_media":584,"comment_status":"closed","ping_status":"closed","sticky":false,"template":"","format":"standard","meta":{"footnotes":""},"categories":[1],"tags":[],"class_list":["post-730","post","type-post","status-publish","format-standard","has-post-thumbnail","hentry","category-filtros-capacitivos"],"_links":{"self":[{"href":"https:\/\/filtrocapacitivo.com.br\/blog\/wp-json\/wp\/v2\/posts\/730","targetHints":{"allow":["GET"]}}],"collection":[{"href":"https:\/\/filtrocapacitivo.com.br\/blog\/wp-json\/wp\/v2\/posts"}],"about":[{"href":"https:\/\/filtrocapacitivo.com.br\/blog\/wp-json\/wp\/v2\/types\/post"}],"author":[{"embeddable":true,"href":"https:\/\/filtrocapacitivo.com.br\/blog\/wp-json\/wp\/v2\/users\/1"}],"replies":[{"embeddable":true,"href":"https:\/\/filtrocapacitivo.com.br\/blog\/wp-json\/wp\/v2\/comments?post=730"}],"version-history":[{"count":1,"href":"https:\/\/filtrocapacitivo.com.br\/blog\/wp-json\/wp\/v2\/posts\/730\/revisions"}],"predecessor-version":[{"id":732,"href":"https:\/\/filtrocapacitivo.com.br\/blog\/wp-json\/wp\/v2\/posts\/730\/revisions\/732"}],"wp:featuredmedia":[{"embeddable":true,"href":"https:\/\/filtrocapacitivo.com.br\/blog\/wp-json\/wp\/v2\/media\/584"}],"wp:attachment":[{"href":"https:\/\/filtrocapacitivo.com.br\/blog\/wp-json\/wp\/v2\/media?parent=730"}],"wp:term":[{"taxonomy":"category","embeddable":true,"href":"https:\/\/filtrocapacitivo.com.br\/blog\/wp-json\/wp\/v2\/categories?post=730"},{"taxonomy":"post_tag","embeddable":true,"href":"https:\/\/filtrocapacitivo.com.br\/blog\/wp-json\/wp\/v2\/tags?post=730"}],"curies":[{"name":"wp","href":"https:\/\/api.w.org\/{rel}","templated":true}]}}