{"id":733,"date":"2019-02-28T12:18:31","date_gmt":"2019-02-28T15:18:31","guid":{"rendered":"http:\/\/filtrocapacitivo.com.br\/blog\/?p=733"},"modified":"2019-02-26T20:21:30","modified_gmt":"2019-02-26T23:21:30","slug":"demanda-em-janeiro-cresce-7-na-area-de-concessao-da-energisa","status":"publish","type":"post","link":"https:\/\/filtrocapacitivo.com.br\/blog\/demanda-em-janeiro-cresce-7-na-area-de-concessao-da-energisa\/","title":{"rendered":"Demanda em janeiro cresce 7% na \u00e1rea de concess\u00e3o da Energisa"},"content":{"rendered":"\n<p>As altas temperaturas verificadas no m\u00eas \nde janeiro s\u00e3o o principal motivo para o crescimento da demanda na \u00e1rea \nde concess\u00e3o da Energisa. A expans\u00e3o somada nas 11 distribuidoras da \ncompanhia ficou 7% mais elevada quando comparada com o m\u00eas de janeiro de\n 2018. O volume consumido no ACR e ACL somou 3.047,6 GWh, o melhor \nresultado desde 2013 para o per\u00edodo.<\/p>\n\n\n\n<p>De acordo com o boletim mensal de rela\u00e7\u00f5es\n com investidores da Energisa, de fevereiro, o consumo do mercado cativo\n cresceu 6,9% e do mercado livre 7,7%. Considerando o fornecimento n\u00e3o \nfaturado, o volume se situa em 3.044,4 GWh, aumento de 7,9% na mesma \nbase de compara\u00e7\u00e3o.<\/p>\n\n\n\n<p>Todas as classes registraram acr\u00e9scimo no \nconsumo, com destaque para a residencial que apresentou expans\u00e3o de \n10,9% principal respons\u00e1vel pelo desempenho no m\u00eas, impulsionada pela \nexpressiva alta das temperaturas em praticamente todas as regi\u00f5es da \n\u00e1rea de concess\u00e3o do Grupo Energisa. A classe rural e a comercial tamb\u00e9m\n se destacaram no consumo, com avan\u00e7o de 10,1%&nbsp; e 6,6%, respectivamente.<\/p>\n\n\n\n<p>O primeiro m\u00eas do ano apresentou \nperformances bem distintas. O maior crescimento foi reportado na \nEnergisa Sul Sudeste com 16% e na concession\u00e1ria de Mato Grosso do Sul o\n indicador ficou em 10%. Por sua vez houve duas quedas entre as 11 \ndistribuidoras, de 1,2% na Energisa Sergipe e de 2,4% na Borborema. J\u00e1 \nna maior concess\u00e3o do grupo em energia fornecida, no Mato Grosso o \ncrescimento ficou em 8,8%.<\/p>\n","protected":false},"excerpt":{"rendered":"<p>As altas temperaturas verificadas no m\u00eas de janeiro s\u00e3o o principal motivo para o crescimento da demanda na \u00e1rea de concess\u00e3o da Energisa. A expans\u00e3o somada<span class=\"excerpt-hellip\"> [\u2026]<\/span><\/p>\n","protected":false},"author":1,"featured_media":734,"comment_status":"closed","ping_status":"closed","sticky":false,"template":"","format":"standard","meta":{"footnotes":""},"categories":[1],"tags":[],"class_list":["post-733","post","type-post","status-publish","format-standard","has-post-thumbnail","hentry","category-filtros-capacitivos"],"_links":{"self":[{"href":"https:\/\/filtrocapacitivo.com.br\/blog\/wp-json\/wp\/v2\/posts\/733","targetHints":{"allow":["GET"]}}],"collection":[{"href":"https:\/\/filtrocapacitivo.com.br\/blog\/wp-json\/wp\/v2\/posts"}],"about":[{"href":"https:\/\/filtrocapacitivo.com.br\/blog\/wp-json\/wp\/v2\/types\/post"}],"author":[{"embeddable":true,"href":"https:\/\/filtrocapacitivo.com.br\/blog\/wp-json\/wp\/v2\/users\/1"}],"replies":[{"embeddable":true,"href":"https:\/\/filtrocapacitivo.com.br\/blog\/wp-json\/wp\/v2\/comments?post=733"}],"version-history":[{"count":1,"href":"https:\/\/filtrocapacitivo.com.br\/blog\/wp-json\/wp\/v2\/posts\/733\/revisions"}],"predecessor-version":[{"id":735,"href":"https:\/\/filtrocapacitivo.com.br\/blog\/wp-json\/wp\/v2\/posts\/733\/revisions\/735"}],"wp:featuredmedia":[{"embeddable":true,"href":"https:\/\/filtrocapacitivo.com.br\/blog\/wp-json\/wp\/v2\/media\/734"}],"wp:attachment":[{"href":"https:\/\/filtrocapacitivo.com.br\/blog\/wp-json\/wp\/v2\/media?parent=733"}],"wp:term":[{"taxonomy":"category","embeddable":true,"href":"https:\/\/filtrocapacitivo.com.br\/blog\/wp-json\/wp\/v2\/categories?post=733"},{"taxonomy":"post_tag","embeddable":true,"href":"https:\/\/filtrocapacitivo.com.br\/blog\/wp-json\/wp\/v2\/tags?post=733"}],"curies":[{"name":"wp","href":"https:\/\/api.w.org\/{rel}","templated":true}]}}