{"id":754,"date":"2019-03-13T12:13:53","date_gmt":"2019-03-13T15:13:53","guid":{"rendered":"http:\/\/filtrocapacitivo.com.br\/blog\/?p=754"},"modified":"2019-03-13T12:13:58","modified_gmt":"2019-03-13T15:13:58","slug":"consumo-nacional-de-energia-sobe-49-em-fevereiro-diz-ccee","status":"publish","type":"post","link":"https:\/\/filtrocapacitivo.com.br\/blog\/consumo-nacional-de-energia-sobe-49-em-fevereiro-diz-ccee\/","title":{"rendered":"Consumo nacional de energia sobe 4,9% em fevereiro, diz CCEE"},"content":{"rendered":"\n<p>O consumo nacional de energia el\u00e9trica \natingiu 66.498 MW m\u00e9dios em fevereiro, valor que representa um aumento \nde 4,9% na compara\u00e7\u00e3o com igual per\u00edodo do ano anterior. Segundo \ninforma\u00e7\u00f5es da&nbsp;C\u00e2mara de Comercializa\u00e7\u00e3o de Energia El\u00e9trica (CCEE), a \nvaria\u00e7\u00e3o \u00e9 explicado pela temperatura mais elevada e a presen\u00e7a do \nferiado de carnaval em fevereiro de 2018.<\/p>\n\n\n\n<p>O mercado cativo&nbsp;registrou eleva\u00e7\u00e3o de \n5,7% no consumo, n\u00famero que leva em conta a migra\u00e7\u00e3o de consumidores \npara o mercado livre (ACL). Caso esse movimento dos agentes fosse \ndesconsiderado, o consumo seria 7,1% superior.&nbsp;No ACL, o consumo cresceu\n 3,2% quando a migra\u00e7\u00e3o \u00e9 considerada na an\u00e1lise. Quando as novas cargas\n vindas do&nbsp;mercado regulado n\u00e3o s\u00e3o inclu\u00eddas, o consumo ficaria est\u00e1vel\n (-0,1%).<\/p>\n\n\n\n<p>Dentre os ramos da ind\u00fastria avaliados \npela CCEE, incluindo&nbsp;dados de auto-produtores, varejistas, consumidores \nlivres e especiais,&nbsp;os setores de ve\u00edculos (+6,7%), bebidas (5,2%) e \nmanufaturados diversos (+4,3%) foram os segmentos com maiores \u00edndices de\n eleva\u00e7\u00e3o no consumo, quando a migra\u00e7\u00e3o n\u00e3o \u00e9 considerada na an\u00e1lise. \nPor outro lado, dois setores apresentaram queda no consumo de energia, \ndentro do mesmo cen\u00e1rio sem migra\u00e7\u00e3o: extra\u00e7\u00e3o de minerais met\u00e1licos \n(-11,3%) e metalurgia e produtos de metal (-4,9%).<\/p>\n\n\n\n<p>As informa\u00e7\u00f5es s\u00e3o do \nboletim&nbsp;InfoMercado&nbsp;Semanal Din\u00e2mico&nbsp;da CCEE, que traz dados pr\u00e9vios de \ngera\u00e7\u00e3o e consumo de energia, al\u00e9m da posi\u00e7\u00e3o contratual l\u00edquida atual \ndos consumidores livres e especiais. O&nbsp;InfoMercado tamb\u00e9m apresenta \nestimativa da produ\u00e7\u00e3o das usinas hidrel\u00e9tricas integrantes do Mecanismo\n de Realoca\u00e7\u00e3o de Energia (MRE), em fevereiro, equivalente a 147,99% de \nsuas garantias f\u00edsicas, ou 52.657 MW m\u00e9dios em energia el\u00e9trica. Para \nfins de repactua\u00e7\u00e3o do risco hidrol\u00f3gico, o percentual \u00e9 de 95,61%.<\/p>\n","protected":false},"excerpt":{"rendered":"<p>O consumo nacional de energia el\u00e9trica atingiu 66.498 MW m\u00e9dios em fevereiro, valor que representa um aumento de 4,9% na compara\u00e7\u00e3o com igual per\u00edodo do ano<span class=\"excerpt-hellip\"> [\u2026]<\/span><\/p>\n","protected":false},"author":1,"featured_media":755,"comment_status":"closed","ping_status":"closed","sticky":false,"template":"","format":"standard","meta":{"footnotes":""},"categories":[1],"tags":[],"class_list":["post-754","post","type-post","status-publish","format-standard","has-post-thumbnail","hentry","category-filtros-capacitivos"],"_links":{"self":[{"href":"https:\/\/filtrocapacitivo.com.br\/blog\/wp-json\/wp\/v2\/posts\/754","targetHints":{"allow":["GET"]}}],"collection":[{"href":"https:\/\/filtrocapacitivo.com.br\/blog\/wp-json\/wp\/v2\/posts"}],"about":[{"href":"https:\/\/filtrocapacitivo.com.br\/blog\/wp-json\/wp\/v2\/types\/post"}],"author":[{"embeddable":true,"href":"https:\/\/filtrocapacitivo.com.br\/blog\/wp-json\/wp\/v2\/users\/1"}],"replies":[{"embeddable":true,"href":"https:\/\/filtrocapacitivo.com.br\/blog\/wp-json\/wp\/v2\/comments?post=754"}],"version-history":[{"count":1,"href":"https:\/\/filtrocapacitivo.com.br\/blog\/wp-json\/wp\/v2\/posts\/754\/revisions"}],"predecessor-version":[{"id":756,"href":"https:\/\/filtrocapacitivo.com.br\/blog\/wp-json\/wp\/v2\/posts\/754\/revisions\/756"}],"wp:featuredmedia":[{"embeddable":true,"href":"https:\/\/filtrocapacitivo.com.br\/blog\/wp-json\/wp\/v2\/media\/755"}],"wp:attachment":[{"href":"https:\/\/filtrocapacitivo.com.br\/blog\/wp-json\/wp\/v2\/media?parent=754"}],"wp:term":[{"taxonomy":"category","embeddable":true,"href":"https:\/\/filtrocapacitivo.com.br\/blog\/wp-json\/wp\/v2\/categories?post=754"},{"taxonomy":"post_tag","embeddable":true,"href":"https:\/\/filtrocapacitivo.com.br\/blog\/wp-json\/wp\/v2\/tags?post=754"}],"curies":[{"name":"wp","href":"https:\/\/api.w.org\/{rel}","templated":true}]}}