{"id":757,"date":"2019-03-14T12:00:03","date_gmt":"2019-03-14T15:00:03","guid":{"rendered":"http:\/\/filtrocapacitivo.com.br\/blog\/?p=757"},"modified":"2019-03-13T12:15:36","modified_gmt":"2019-03-13T15:15:36","slug":"consumidores-vao-pagar-r-17-bilhoes-em-subsidios-no-primeiro-semestre-de-2019","status":"publish","type":"post","link":"https:\/\/filtrocapacitivo.com.br\/blog\/consumidores-vao-pagar-r-17-bilhoes-em-subsidios-no-primeiro-semestre-de-2019\/","title":{"rendered":"Consumidores v\u00e3o pagar R$ 17 bilh\u00f5es em subs\u00eddios no primeiro semestre de 2019"},"content":{"rendered":"\n<h2 class=\"wp-block-heading\"> <br>Aneel prev\u00ea que as tarifas v\u00e3o subir 1,45% em todo o Pa\u00eds <\/h2>\n\n\n\n<p>Os consumidores de&nbsp;<strong>energia<\/strong>&nbsp;el\u00e9trica ter\u00e3o que pagar R$ 17,187 bilh\u00f5es para cobrir o custo dos subs\u00eddios do setor em 2019. O valor foi aprovado pela&nbsp;<strong>Ag\u00eancia Nacional de Energia El\u00e9trica (Aneel)<\/strong>&nbsp;para\n que seja poss\u00edvel cobrir o or\u00e7amento da Conta de Desenvolvimento \nEnerg\u00e9tico (CDE), taxa embutida na conta de luz que banca programas \nsociais, descontos tarif\u00e1rios e empr\u00e9stimos subsidiados para o setor.<\/p>\n\n\n\n<p>O or\u00e7amento da CDE neste ano deve somar R$\n 20,208 bilh\u00f5es, mas o fundo setorial contar\u00e1 com fontes de receita \npr\u00f3prias de R$ 3,021 bilh\u00f5es. O d\u00e9ficit da conta, portanto, \u00e9 de R$ \n17,187 bilh\u00f5es, que ser\u00e3o repassados aos consumidores, por meio da conta\n de luz.<\/p>\n\n\n\n<p>No ano passado, o or\u00e7amento geral da CDE \natingiu R$ 20,053 bilh\u00f5es. Neste ano, portanto, as despesas aumentariam \nem R$ 155 milh\u00f5es, ou 1%.<\/p>\n\n\n\n<p>Os subs\u00eddios na conta de luz beneficiam \ndiversos grupos de interesse. Na pr\u00e1tica, o consumidor residencial paga \num valor adicional para permitir que outros possam ter descontos \ntarif\u00e1rios. Todos os grupos beneficiados t\u00eam seus descontos assegurados \npor lei ou decreto.<\/p>\n\n\n\n<p>Para pagar a CDE 2019, a Aneel prev\u00ea que \nas tarifas v\u00e3o subir 1,45% em todo o Pa\u00eds, em m\u00e9dia. Para clientes do \nNorte e Nordeste, a alta seria de cerca de 0,82%. Para os das regi\u00f5es \nSul, Sudeste e Centro-Oeste, o aumento seria de 1,74%.<\/p>\n\n\n\n<p>Por n\u00edvel de tens\u00e3o, segundo a Aneel, no \nSul, Sudeste e Centro-Oeste, os consumidores de alta tens\u00e3o ter\u00e3o \naumento de 2,37% nas tarifas; os de m\u00e9dia tens\u00e3o, 1,78%; e os de baixa \ntens\u00e3o, 1,30%. No Norte e Nordeste, o impacto m\u00e9dio ser\u00e1 de 1,25% na \nalta tens\u00e3o; 0,72% na m\u00e9dia tens\u00e3o; e 0,54% na baixa tens\u00e3o.<\/p>\n\n\n\n<p>Ainda segundo a Aneel, consumidores \ncativos, atendidos pelas distribuidoras de energia, sentir\u00e3o impacto \nnegativo de 0,2% na conta de luz, em m\u00e9dia.<\/p>\n\n\n\n<p>A CDE \u00e9 um fundo setorial que concede \nbenef\u00edcios a diversos grupos, como a tarifa social da baixa renda e o \nprograma Luz para Todos; descontos para diversos grupos, como \nagricultores, irrigantes e empresas de saneamento; subs\u00eddios para \nprodutores e consumidores de energias renov\u00e1veis; subs\u00eddios para a \ncompra de carv\u00e3o mineral; empr\u00e9stimos subsidiados para as distribuidoras\n da Eletrobras; compra de combust\u00edvel para usinas termel\u00e9tricas em \nregi\u00f5es isoladas, entre outros.<\/p>\n\n\n\n<p>O presidente da Associa\u00e7\u00e3o Brasileira de \nGrandes Consumidores (Abrace), Edvaldo Alves de Santana, disse estar \ndecepcionado em rela\u00e7\u00e3o ao patamar dos subs\u00eddios e cobrou uma postura \nmais ativa do \u00f3rg\u00e3o regulador sobre o tema, com fiscaliza\u00e7\u00e3o sobre os \nbenefici\u00e1rios. A Abrace calculou que a conta estava superestimada em R$ \n8,5 bilh\u00f5es.<\/p>\n\n\n\n<p>&#8220;Se uma organiza\u00e7\u00e3o pode moralizar a CDE, \nn\u00e3o tenho d\u00favida que \u00e9 a Aneel, n\u00e3o o Tribunal de Contas da Uni\u00e3o (TCU),\n governo ou Congresso&#8221;, disse Santana. &#8220;Pelo menos o or\u00e7amento de \nsubs\u00eddios n\u00e3o cresceu tanto, mas o nosso questionamento n\u00e3o era quanto \nao impacto na conta de luz, mas sim se esse or\u00e7amento n\u00e3o poderia \nreduzir mais.&#8221;<\/p>\n\n\n\n<p>Para a ind\u00fastria, o aumento ser\u00e1 de cerca \nde 1,5%, segundo a Santana. Por\u00e9m, os valores variam conforme as \ndistribuidoras e os clientes e, em alguns casos, pode chegar a at\u00e9 10% \npara os clientes de alta tens\u00e3o no Sul, Sudeste e Centro-Oeste.<\/p>\n","protected":false},"excerpt":{"rendered":"<p>Aneel prev\u00ea que as tarifas v\u00e3o subir 1,45% em todo o Pa\u00eds Os consumidores de&nbsp;energia&nbsp;el\u00e9trica ter\u00e3o que pagar R$ 17,187 bilh\u00f5es para cobrir o custo dos<span class=\"excerpt-hellip\"> [\u2026]<\/span><\/p>\n","protected":false},"author":1,"featured_media":666,"comment_status":"closed","ping_status":"closed","sticky":false,"template":"","format":"standard","meta":{"footnotes":""},"categories":[1],"tags":[],"class_list":["post-757","post","type-post","status-publish","format-standard","has-post-thumbnail","hentry","category-filtros-capacitivos"],"_links":{"self":[{"href":"https:\/\/filtrocapacitivo.com.br\/blog\/wp-json\/wp\/v2\/posts\/757","targetHints":{"allow":["GET"]}}],"collection":[{"href":"https:\/\/filtrocapacitivo.com.br\/blog\/wp-json\/wp\/v2\/posts"}],"about":[{"href":"https:\/\/filtrocapacitivo.com.br\/blog\/wp-json\/wp\/v2\/types\/post"}],"author":[{"embeddable":true,"href":"https:\/\/filtrocapacitivo.com.br\/blog\/wp-json\/wp\/v2\/users\/1"}],"replies":[{"embeddable":true,"href":"https:\/\/filtrocapacitivo.com.br\/blog\/wp-json\/wp\/v2\/comments?post=757"}],"version-history":[{"count":1,"href":"https:\/\/filtrocapacitivo.com.br\/blog\/wp-json\/wp\/v2\/posts\/757\/revisions"}],"predecessor-version":[{"id":758,"href":"https:\/\/filtrocapacitivo.com.br\/blog\/wp-json\/wp\/v2\/posts\/757\/revisions\/758"}],"wp:featuredmedia":[{"embeddable":true,"href":"https:\/\/filtrocapacitivo.com.br\/blog\/wp-json\/wp\/v2\/media\/666"}],"wp:attachment":[{"href":"https:\/\/filtrocapacitivo.com.br\/blog\/wp-json\/wp\/v2\/media?parent=757"}],"wp:term":[{"taxonomy":"category","embeddable":true,"href":"https:\/\/filtrocapacitivo.com.br\/blog\/wp-json\/wp\/v2\/categories?post=757"},{"taxonomy":"post_tag","embeddable":true,"href":"https:\/\/filtrocapacitivo.com.br\/blog\/wp-json\/wp\/v2\/tags?post=757"}],"curies":[{"name":"wp","href":"https:\/\/api.w.org\/{rel}","templated":true}]}}