{"id":759,"date":"2019-03-15T12:16:52","date_gmt":"2019-03-15T15:16:52","guid":{"rendered":"http:\/\/filtrocapacitivo.com.br\/blog\/?p=759"},"modified":"2019-03-13T12:17:54","modified_gmt":"2019-03-13T15:17:54","slug":"aneel-quer-aumento-medio-de-116-na-conta-de-luz-no-ceara","status":"publish","type":"post","link":"https:\/\/filtrocapacitivo.com.br\/blog\/aneel-quer-aumento-medio-de-116-na-conta-de-luz-no-ceara\/","title":{"rendered":"Aneel quer aumento m\u00e9dio de 11,6% na conta de luz no Cear\u00e1"},"content":{"rendered":"\n<h2 class=\"wp-block-heading\"> <br>Caso valor seja aplicado, conta de luz fica mais cara a partir de abril. <\/h2>\n\n\n\n<p>A\n Ag\u00eancia Nacional de Energia El\u00e9trica (Aneel) prop\u00f4s nesta ter\u00e7a-feira \n(22) reajuste m\u00e9dio de 11,62% nas tarifas da Enel Cear\u00e1. Para \nconsumidores conectados \u00e0 alta tens\u00e3o, o aumento seria de 12,23%, e para\n a baixa tens\u00e3o, de 11,39%. Se aprovadas, as novas tarifas devem vigorar\n a partir de 22 de abril.<\/p>\n\n\n\n<p>A\n proposta diz respeito ao quinto ciclo de revis\u00e3o tarif\u00e1ria da \ndistribuidora. Esse processo \u00e9 realizado de quatro em quatro anos pela \nAneel, com vistas a manter o equil\u00edbrio econ\u00f4mico-financeiro dos \ncontratos.<\/p>\n\n\n\n<p>Caso o reajuste seja aplicado, a conta de luz mais cara passa a valer a partir de 22 de abril, de acordo com ata da ag\u00eancia.<\/p>\n\n\n\n<p>A\n proposta ficar\u00e1 aberta em audi\u00eancia p\u00fablica entre os dias 23 de janeiro\n e 11 de mar\u00e7o. Haver\u00e1 audi\u00eancia presencial em Fortaleza no dia 14 de \nfevereiro. A Enel Cear\u00e1 atende 3,5 milh\u00f5es de consumidores no Estado.<\/p>\n","protected":false},"excerpt":{"rendered":"<p>Caso valor seja aplicado, conta de luz fica mais cara a partir de abril. A Ag\u00eancia Nacional de Energia El\u00e9trica (Aneel) prop\u00f4s nesta ter\u00e7a-feira (22) reajuste<span class=\"excerpt-hellip\"> [\u2026]<\/span><\/p>\n","protected":false},"author":1,"featured_media":702,"comment_status":"closed","ping_status":"closed","sticky":false,"template":"","format":"standard","meta":{"footnotes":""},"categories":[1],"tags":[],"class_list":["post-759","post","type-post","status-publish","format-standard","has-post-thumbnail","hentry","category-filtros-capacitivos"],"_links":{"self":[{"href":"https:\/\/filtrocapacitivo.com.br\/blog\/wp-json\/wp\/v2\/posts\/759","targetHints":{"allow":["GET"]}}],"collection":[{"href":"https:\/\/filtrocapacitivo.com.br\/blog\/wp-json\/wp\/v2\/posts"}],"about":[{"href":"https:\/\/filtrocapacitivo.com.br\/blog\/wp-json\/wp\/v2\/types\/post"}],"author":[{"embeddable":true,"href":"https:\/\/filtrocapacitivo.com.br\/blog\/wp-json\/wp\/v2\/users\/1"}],"replies":[{"embeddable":true,"href":"https:\/\/filtrocapacitivo.com.br\/blog\/wp-json\/wp\/v2\/comments?post=759"}],"version-history":[{"count":1,"href":"https:\/\/filtrocapacitivo.com.br\/blog\/wp-json\/wp\/v2\/posts\/759\/revisions"}],"predecessor-version":[{"id":760,"href":"https:\/\/filtrocapacitivo.com.br\/blog\/wp-json\/wp\/v2\/posts\/759\/revisions\/760"}],"wp:featuredmedia":[{"embeddable":true,"href":"https:\/\/filtrocapacitivo.com.br\/blog\/wp-json\/wp\/v2\/media\/702"}],"wp:attachment":[{"href":"https:\/\/filtrocapacitivo.com.br\/blog\/wp-json\/wp\/v2\/media?parent=759"}],"wp:term":[{"taxonomy":"category","embeddable":true,"href":"https:\/\/filtrocapacitivo.com.br\/blog\/wp-json\/wp\/v2\/categories?post=759"},{"taxonomy":"post_tag","embeddable":true,"href":"https:\/\/filtrocapacitivo.com.br\/blog\/wp-json\/wp\/v2\/tags?post=759"}],"curies":[{"name":"wp","href":"https:\/\/api.w.org\/{rel}","templated":true}]}}