{"id":770,"date":"2019-03-25T12:20:28","date_gmt":"2019-03-25T15:20:28","guid":{"rendered":"http:\/\/filtrocapacitivo.com.br\/blog\/?p=770"},"modified":"2019-03-21T19:59:39","modified_gmt":"2019-03-21T22:59:39","slug":"aneel-propoe-reajuste-no-valor-das-bandeiras-tarifarias","status":"publish","type":"post","link":"https:\/\/filtrocapacitivo.com.br\/blog\/aneel-propoe-reajuste-no-valor-das-bandeiras-tarifarias\/","title":{"rendered":"Aneel prop\u00f5e reajuste no valor das bandeiras tarif\u00e1rias"},"content":{"rendered":"\n<h2 class=\"wp-block-heading\">Proposta\n ainda passar\u00e1 por consulta p\u00fablica. Tarifa da bandeira amarela deve \npassar para R$ 1,50 por 100 kWh; a vermelha 1 para R$ 3,50, e a vermelha\n 2 para R$ 6.<\/h2>\n\n\n\n<p>A\n Ag\u00eancia Nacional de Energia El\u00e9trica (Aneel) prop\u00f4s nesta ter\u00e7a-feira \n(26) um reajuste nos valores da bandeira tarif\u00e1ria amarela e da bandeira\n vermelha, nos patamares 1 e 2.<\/p>\n\n\n\n<p>A\n proposta ser\u00e1 submetida a consulta p\u00fablica entre 27 de fevereiro a 1\u00ba \nde abril. Os valores sugeridos pela \u00e1rea t\u00e9cnica da ag\u00eancia ainda podem \nser alterados.<\/p>\n\n\n\n<p>Novos valores propostos (por 100 kWh):<\/p>\n\n\n\n<ul class=\"wp-block-list\"><li><strong>Bandeira amarela<\/strong>: R$ 1,50<\/li><li><strong>Bandeira vermelha 1<\/strong>: R$ 3,50<\/li><li><strong>Bandeira vermelha 2<\/strong>: R$ 6,00<\/li><\/ul>\n\n\n\n<p>A\n Aneel afirmou que o reajuste servir\u00e1 para adequar o valor do custo \nextra a ser cobrado dos consumidores em per\u00edodos em que a produ\u00e7\u00e3o de \nenergia ficar mais cara. Em per\u00edodos de seca, por exemplo, com a \ndiminui\u00e7\u00e3o do volume das hidrel\u00e9tricas, as termel\u00e9tricas s\u00e3o acionadas e\n a energia fica mais cara.<\/p>\n\n\n\n<h2 class=\"wp-block-heading\">Sistema de bandeiras&nbsp;<\/h2>\n\n\n\n<p>Em\n vigor desde 2015, o sistema de bandeiras tarif\u00e1rias sinaliza o custo da\n energia gerada, possibilitando aos consumidores reduzir o consumo \nquando a energia est\u00e1 mais cara.<\/p>\n\n\n\n<p>De\n acordo com o funcionamento das bandeiras tarif\u00e1rias, as cores verde, \namarela ou vermelha (nos patamares 1 e 2) indicam se a energia custar\u00e1 \nmais ou menos em fun\u00e7\u00e3o das condi\u00e7\u00f5es de gera\u00e7\u00e3o.<\/p>\n\n\n\n<p>A\n bandeira verde significa que o custo est\u00e1 baixo e \u00e9 coberto pela tarifa\n regular das distribuidoras, ent\u00e3o n\u00e3o h\u00e1 cobran\u00e7a extra na conta de \nluz. O acionamento das bandeiras amarela e vermelha representam um \naumento do custo de produ\u00e7\u00e3o de energia e, por isso, h\u00e1 cobran\u00e7a na \nconta de luz. O aumento do custo de gera\u00e7\u00e3o est\u00e1 ligado principalmente \nao volume de chuvas e ao n\u00edvel dos reservat\u00f3rios.<\/p>\n\n\n\n<p>O\n acionamento da bandeira implica em uma cobran\u00e7a extra na conta de luz, \nvalor que \u00e9 usado para pagar pela gera\u00e7\u00e3o de energia mais cara.<\/p>\n\n\n\n<p>Antes\n do sistema de bandeiras, o custo da gera\u00e7\u00e3o de energia mais cara j\u00e1 era\n cobrado do consumidor, mas com um ano de atraso. O sistema permitiu a \ncobran\u00e7a mensal do valor e a possibilidade de avisar os consumidores que\n o custo da energia est\u00e1 mais caro, permitindo que eles reduzam o \nconsumo.<\/p>\n","protected":false},"excerpt":{"rendered":"<p>Proposta ainda passar\u00e1 por consulta p\u00fablica. Tarifa da bandeira amarela deve passar para R$ 1,50 por 100 kWh; a vermelha 1 para R$ 3,50, e a<span class=\"excerpt-hellip\"> [\u2026]<\/span><\/p>\n","protected":false},"author":1,"featured_media":690,"comment_status":"closed","ping_status":"closed","sticky":false,"template":"","format":"standard","meta":{"footnotes":""},"categories":[1],"tags":[],"class_list":["post-770","post","type-post","status-publish","format-standard","has-post-thumbnail","hentry","category-filtros-capacitivos"],"_links":{"self":[{"href":"https:\/\/filtrocapacitivo.com.br\/blog\/wp-json\/wp\/v2\/posts\/770","targetHints":{"allow":["GET"]}}],"collection":[{"href":"https:\/\/filtrocapacitivo.com.br\/blog\/wp-json\/wp\/v2\/posts"}],"about":[{"href":"https:\/\/filtrocapacitivo.com.br\/blog\/wp-json\/wp\/v2\/types\/post"}],"author":[{"embeddable":true,"href":"https:\/\/filtrocapacitivo.com.br\/blog\/wp-json\/wp\/v2\/users\/1"}],"replies":[{"embeddable":true,"href":"https:\/\/filtrocapacitivo.com.br\/blog\/wp-json\/wp\/v2\/comments?post=770"}],"version-history":[{"count":1,"href":"https:\/\/filtrocapacitivo.com.br\/blog\/wp-json\/wp\/v2\/posts\/770\/revisions"}],"predecessor-version":[{"id":771,"href":"https:\/\/filtrocapacitivo.com.br\/blog\/wp-json\/wp\/v2\/posts\/770\/revisions\/771"}],"wp:featuredmedia":[{"embeddable":true,"href":"https:\/\/filtrocapacitivo.com.br\/blog\/wp-json\/wp\/v2\/media\/690"}],"wp:attachment":[{"href":"https:\/\/filtrocapacitivo.com.br\/blog\/wp-json\/wp\/v2\/media?parent=770"}],"wp:term":[{"taxonomy":"category","embeddable":true,"href":"https:\/\/filtrocapacitivo.com.br\/blog\/wp-json\/wp\/v2\/categories?post=770"},{"taxonomy":"post_tag","embeddable":true,"href":"https:\/\/filtrocapacitivo.com.br\/blog\/wp-json\/wp\/v2\/tags?post=770"}],"curies":[{"name":"wp","href":"https:\/\/api.w.org\/{rel}","templated":true}]}}