{"id":773,"date":"2019-03-26T11:30:35","date_gmt":"2019-03-26T14:30:35","guid":{"rendered":"http:\/\/filtrocapacitivo.com.br\/blog\/?p=773"},"modified":"2019-03-21T20:02:28","modified_gmt":"2019-03-21T23:02:28","slug":"tarifas-da-cpfl-santa-cruz-ficarao-em-media-1331-mais-caras","status":"publish","type":"post","link":"https:\/\/filtrocapacitivo.com.br\/blog\/tarifas-da-cpfl-santa-cruz-ficarao-em-media-1331-mais-caras\/","title":{"rendered":"Tarifas da CPFL Santa Cruz ficar\u00e3o em m\u00e9dia 13,31% mais caras"},"content":{"rendered":"\n<p>As tarifas da CPFL Santa Cruz ter\u00e3o \naumento m\u00e9dio de 13,31%, com efeito m\u00e9dio de 12,51% para os consumidores\n atendidos em baixa tens\u00e3o e de 14,69% em m\u00e9dia para os clientes em alta\n tens\u00e3o. O reajuste aprovado pela Ag\u00eancia Nacional de Energia El\u00e9trica \nnesta ter\u00e7a-feira (20) inclui o impacto tarif\u00e1rio do pagamento \nantecipado dos empr\u00e9stimos da Conta ACR, negociado pela Aneel e pela \nC\u00e2mara de Comercializa\u00e7\u00e3o de Energia El\u00e9trica com os bancos credores.<\/p>\n\n\n\n<p>A redu\u00e7\u00e3o, no caso da CPFL Santa Cruz, \nser\u00e1 de 2,54%. Para os consumidores residenciais da empresa, o efeito a \nser percebido na tarifa a partir de 23 de mar\u00e7o ser\u00e1 de 11,35%. Os \nempr\u00e9stimos da Conta ACR foram contratados em 2014 pela CCEE&nbsp; para \ncobrir os custos da exposi\u00e7\u00e3o involunt\u00e1ria das distribuidoras no mercado\n de curto prazo e o despacho de usina termel\u00e9tricas entre fevereiro e \ndezembro daquele ano.<\/p>\n\n\n\n<p>A distribuidora resultante do agrupamento \ndas concess\u00f5es da Jaguari, Mococa, Leste Paulista, Sul Paulista e Santa \nCruz atende 453 mil unidades consumidoras nos estados de S\u00e3o Paulo, \nParan\u00e1 e Minas Gerais.<\/p>\n","protected":false},"excerpt":{"rendered":"<p>As tarifas da CPFL Santa Cruz ter\u00e3o aumento m\u00e9dio de 13,31%, com efeito m\u00e9dio de 12,51% para os consumidores atendidos em baixa tens\u00e3o e de 14,69%<span class=\"excerpt-hellip\"> [\u2026]<\/span><\/p>\n","protected":false},"author":1,"featured_media":657,"comment_status":"closed","ping_status":"closed","sticky":false,"template":"","format":"standard","meta":{"footnotes":""},"categories":[1],"tags":[],"class_list":["post-773","post","type-post","status-publish","format-standard","has-post-thumbnail","hentry","category-filtros-capacitivos"],"_links":{"self":[{"href":"https:\/\/filtrocapacitivo.com.br\/blog\/wp-json\/wp\/v2\/posts\/773","targetHints":{"allow":["GET"]}}],"collection":[{"href":"https:\/\/filtrocapacitivo.com.br\/blog\/wp-json\/wp\/v2\/posts"}],"about":[{"href":"https:\/\/filtrocapacitivo.com.br\/blog\/wp-json\/wp\/v2\/types\/post"}],"author":[{"embeddable":true,"href":"https:\/\/filtrocapacitivo.com.br\/blog\/wp-json\/wp\/v2\/users\/1"}],"replies":[{"embeddable":true,"href":"https:\/\/filtrocapacitivo.com.br\/blog\/wp-json\/wp\/v2\/comments?post=773"}],"version-history":[{"count":1,"href":"https:\/\/filtrocapacitivo.com.br\/blog\/wp-json\/wp\/v2\/posts\/773\/revisions"}],"predecessor-version":[{"id":774,"href":"https:\/\/filtrocapacitivo.com.br\/blog\/wp-json\/wp\/v2\/posts\/773\/revisions\/774"}],"wp:featuredmedia":[{"embeddable":true,"href":"https:\/\/filtrocapacitivo.com.br\/blog\/wp-json\/wp\/v2\/media\/657"}],"wp:attachment":[{"href":"https:\/\/filtrocapacitivo.com.br\/blog\/wp-json\/wp\/v2\/media?parent=773"}],"wp:term":[{"taxonomy":"category","embeddable":true,"href":"https:\/\/filtrocapacitivo.com.br\/blog\/wp-json\/wp\/v2\/categories?post=773"},{"taxonomy":"post_tag","embeddable":true,"href":"https:\/\/filtrocapacitivo.com.br\/blog\/wp-json\/wp\/v2\/tags?post=773"}],"curies":[{"name":"wp","href":"https:\/\/api.w.org\/{rel}","templated":true}]}}