{"id":810,"date":"2019-05-07T11:39:04","date_gmt":"2019-05-07T14:39:04","guid":{"rendered":"http:\/\/filtrocapacitivo.com.br\/blog\/?p=810"},"modified":"2019-04-24T20:40:17","modified_gmt":"2019-04-24T23:40:17","slug":"consumo-de-energia-cresce-15-em-abril","status":"publish","type":"post","link":"https:\/\/filtrocapacitivo.com.br\/blog\/consumo-de-energia-cresce-15-em-abril\/","title":{"rendered":"Consumo de energia cresce 1,5% em abril"},"content":{"rendered":"\n<p>Dados\n preliminares de medi\u00e7\u00e3o dos valores m\u00e9dios coletados entre os dias 1\u00ba e\n 15 de abril indicam um crescimento de 1,5% no consumo de energia \nel\u00e9trica no pa\u00eds, quando comparados ao mesmo per\u00edodo de 2018. As \ninforma\u00e7\u00f5es s\u00e3o do boletim InfoMercado Semanal Din\u00e2mico, da C\u00e2mara de \nComercializa\u00e7\u00e3o de Energia El\u00e9trica \u2013 CCEE, que traz dados pr\u00e9vios de \ngera\u00e7\u00e3o e consumo de energia, al\u00e9m da posi\u00e7\u00e3o contratual l\u00edquida atual \ndos consumidores livres e especiais. O consumo no Sistema Interligado \nNacional \u2013 SIN atingiu 64.107 MWm\u00e9dios, frente aos 63.162 MWm\u00e9dios no \nmesmo per\u00edodo do ano passado.<\/p>\n\n\n\n<p>O Ambiente de Contrata\u00e7\u00e3o Regulada \u2013 ACR \n(cativo), no qual os consumidores s\u00e3o atendidos pelas distribuidoras \n(onde est\u00e3o inseridos os consumidores residenciais, comerciais, \nindustriais, rurais, servi\u00e7os, ilumina\u00e7\u00e3o p\u00fablica e outros), apresentou \ncrescimento no consumo de 1,9% em rela\u00e7\u00e3o a abril de 2018, considerando a\n mudan\u00e7a de clientes cativos para o Ambiente de Contrata\u00e7\u00e3o Livre \u2013 ACL.\n Excluindo o impacto das migra\u00e7\u00f5es, o ACR registraria aumento de 3,4%.<\/p>\n\n\n\n<p>J\u00e1 no Ambiente de Contrata\u00e7\u00e3o Livre \u2013 ACL \nno qual as empresas compram energia diretamente dos fornecedores (como \nconsumidores de atividade industrial\/comercial\/servi\u00e7os), teve \neleva\u00e7\u00e3o de 0,6%, em rela\u00e7\u00e3o ao mesmo per\u00edodo do ano passado. Eliminando\n o impacto da migra\u00e7\u00e3o de novas cargas, o ACL apresentaria queda de \n3,0%, na mesma compara\u00e7\u00e3o. Os consumidores livres apresentaram redu\u00e7\u00e3o \nde 1,8%, j\u00e1 os especiais aumentaram em 13,4%, influenciados por esta \nmigra\u00e7\u00e3o. Suprimindo tal efeito, observa-se queda de 3,8% para os livres\n e aumento de 3,0% para os especiais. Os autoprodutores diminu\u00edram seu \nconsumo em 7,7%.<\/p>\n\n\n\n<p>Os segmentos da ind\u00fastria avaliados pela \nCCEE, incluindo dados de autoprodutores, varejistas, consumidores livres\n e especiais, que registraram maior crescimento de consumo foram: \ntransporte (23,7%), aliment\u00edcios (12,8%) e Manufaturados Diversos \n(11,7%). Ao excluirmos a migra\u00e7\u00e3o para o ACL, verificamos para os mesmos\n ramos: aliment\u00edcios (5,3%), manufaturados diversos (5,2%) e transporte \n(4,8%).<\/p>\n","protected":false},"excerpt":{"rendered":"<p>Dados preliminares de medi\u00e7\u00e3o dos valores m\u00e9dios coletados entre os dias 1\u00ba e 15 de abril indicam um crescimento de 1,5% no consumo de energia el\u00e9trica<span class=\"excerpt-hellip\"> [\u2026]<\/span><\/p>\n","protected":false},"author":1,"featured_media":811,"comment_status":"closed","ping_status":"closed","sticky":false,"template":"","format":"standard","meta":{"footnotes":""},"categories":[1],"tags":[],"class_list":["post-810","post","type-post","status-publish","format-standard","has-post-thumbnail","hentry","category-filtros-capacitivos"],"_links":{"self":[{"href":"https:\/\/filtrocapacitivo.com.br\/blog\/wp-json\/wp\/v2\/posts\/810","targetHints":{"allow":["GET"]}}],"collection":[{"href":"https:\/\/filtrocapacitivo.com.br\/blog\/wp-json\/wp\/v2\/posts"}],"about":[{"href":"https:\/\/filtrocapacitivo.com.br\/blog\/wp-json\/wp\/v2\/types\/post"}],"author":[{"embeddable":true,"href":"https:\/\/filtrocapacitivo.com.br\/blog\/wp-json\/wp\/v2\/users\/1"}],"replies":[{"embeddable":true,"href":"https:\/\/filtrocapacitivo.com.br\/blog\/wp-json\/wp\/v2\/comments?post=810"}],"version-history":[{"count":1,"href":"https:\/\/filtrocapacitivo.com.br\/blog\/wp-json\/wp\/v2\/posts\/810\/revisions"}],"predecessor-version":[{"id":812,"href":"https:\/\/filtrocapacitivo.com.br\/blog\/wp-json\/wp\/v2\/posts\/810\/revisions\/812"}],"wp:featuredmedia":[{"embeddable":true,"href":"https:\/\/filtrocapacitivo.com.br\/blog\/wp-json\/wp\/v2\/media\/811"}],"wp:attachment":[{"href":"https:\/\/filtrocapacitivo.com.br\/blog\/wp-json\/wp\/v2\/media?parent=810"}],"wp:term":[{"taxonomy":"category","embeddable":true,"href":"https:\/\/filtrocapacitivo.com.br\/blog\/wp-json\/wp\/v2\/categories?post=810"},{"taxonomy":"post_tag","embeddable":true,"href":"https:\/\/filtrocapacitivo.com.br\/blog\/wp-json\/wp\/v2\/tags?post=810"}],"curies":[{"name":"wp","href":"https:\/\/api.w.org\/{rel}","templated":true}]}}