{"id":850,"date":"2019-06-24T12:31:33","date_gmt":"2019-06-24T15:31:33","guid":{"rendered":"http:\/\/filtrocapacitivo.com.br\/blog\/?p=850"},"modified":"2019-06-16T12:32:59","modified_gmt":"2019-06-16T15:32:59","slug":"conta-de-luz-sem-subsidio","status":"publish","type":"post","link":"https:\/\/filtrocapacitivo.com.br\/blog\/conta-de-luz-sem-subsidio\/","title":{"rendered":"Conta de luz sem subs\u00eddio"},"content":{"rendered":"\n<p>O Tribunal de Contas da Uni\u00e3o (TCU) \ndeterminou, ontem, que alguns subs\u00eddios embutidos na Conta de \nDesenvolvimento Energ\u00e9tico (CDE), rateada entre todos os consumidores de\n energia, s\u00e3o inconstitucionais. Segundo o colegiado, os incentivos aos \nprodutores rurais, \u00e0s atividades de irriga\u00e7\u00e3o e aquicultura e \u00e0s \nempresas p\u00fablicas de saneamento devem ser retirados da CDE a partir de \n2020. De 2013 a 2017, esses subs\u00eddios somaram mais de R$ 17,5 bilh\u00f5es.<\/p>\n\n\n\n<p>A determina\u00e7\u00e3o vai gerar pol\u00eamica, \nsobretudo, entre a bancada ruralista. No fim do ano passado, o \nex-presidente Michel Temer publicou um decreto que retirava o subs\u00eddio \ndo setor rural de forma escalonada ao longo de cinco anos, proibindo a \ncumulatividade para produtores que se enquadram em mais de uma categoria\n benefici\u00e1ria. Em abril deste ano, ap\u00f3s press\u00e3o dos ruralistas, o \ngoverno Bolsonaro editou novo decreto para conceder novamente as \nredu\u00e7\u00f5es cumulativas existentes at\u00e9 o ano passado, de 10% a 30% na conta\n de luz dos agricultores.<\/p>\n\n\n\n<p>A decis\u00e3o do TCU, no entanto, se sobrep\u00f5e \naos decretos. A Corte identificou a ilegalidade de tais subs\u00eddios por \nextrapolarem a delimita\u00e7\u00e3o dos conceitos de pre\u00e7o p\u00fablico e pol\u00edtica \ntarif\u00e1ria, conforme entendimento do Supremo Tribunal Federal (STF). A \npartir da decis\u00e3o do TCU, n\u00e3o s\u00e3o mais permitidos subs\u00eddios, de qualquer\n natureza, que n\u00e3o estejam diretamente relacionados \u00e0 pol\u00edtica tarif\u00e1ria\n do setor. Procurada, a Ag\u00eancia Nacional de Energia El\u00e9trica (Aneel) n\u00e3o\n comentou.<\/p>\n","protected":false},"excerpt":{"rendered":"<p>O Tribunal de Contas da Uni\u00e3o (TCU) determinou, ontem, que alguns subs\u00eddios embutidos na Conta de Desenvolvimento Energ\u00e9tico (CDE), rateada entre todos os consumidores de energia,<span class=\"excerpt-hellip\"> [\u2026]<\/span><\/p>\n","protected":false},"author":1,"featured_media":802,"comment_status":"closed","ping_status":"closed","sticky":false,"template":"","format":"standard","meta":{"footnotes":""},"categories":[1],"tags":[],"class_list":["post-850","post","type-post","status-publish","format-standard","has-post-thumbnail","hentry","category-filtros-capacitivos"],"_links":{"self":[{"href":"https:\/\/filtrocapacitivo.com.br\/blog\/wp-json\/wp\/v2\/posts\/850","targetHints":{"allow":["GET"]}}],"collection":[{"href":"https:\/\/filtrocapacitivo.com.br\/blog\/wp-json\/wp\/v2\/posts"}],"about":[{"href":"https:\/\/filtrocapacitivo.com.br\/blog\/wp-json\/wp\/v2\/types\/post"}],"author":[{"embeddable":true,"href":"https:\/\/filtrocapacitivo.com.br\/blog\/wp-json\/wp\/v2\/users\/1"}],"replies":[{"embeddable":true,"href":"https:\/\/filtrocapacitivo.com.br\/blog\/wp-json\/wp\/v2\/comments?post=850"}],"version-history":[{"count":1,"href":"https:\/\/filtrocapacitivo.com.br\/blog\/wp-json\/wp\/v2\/posts\/850\/revisions"}],"predecessor-version":[{"id":851,"href":"https:\/\/filtrocapacitivo.com.br\/blog\/wp-json\/wp\/v2\/posts\/850\/revisions\/851"}],"wp:featuredmedia":[{"embeddable":true,"href":"https:\/\/filtrocapacitivo.com.br\/blog\/wp-json\/wp\/v2\/media\/802"}],"wp:attachment":[{"href":"https:\/\/filtrocapacitivo.com.br\/blog\/wp-json\/wp\/v2\/media?parent=850"}],"wp:term":[{"taxonomy":"category","embeddable":true,"href":"https:\/\/filtrocapacitivo.com.br\/blog\/wp-json\/wp\/v2\/categories?post=850"},{"taxonomy":"post_tag","embeddable":true,"href":"https:\/\/filtrocapacitivo.com.br\/blog\/wp-json\/wp\/v2\/tags?post=850"}],"curies":[{"name":"wp","href":"https:\/\/api.w.org\/{rel}","templated":true}]}}