{"id":858,"date":"2019-07-09T11:38:21","date_gmt":"2019-07-09T14:38:21","guid":{"rendered":"http:\/\/filtrocapacitivo.com.br\/blog\/?p=858"},"modified":"2019-06-16T12:39:28","modified_gmt":"2019-06-16T15:39:28","slug":"tarifas-da-rge-sul-terao-aumentos-diferenciados-apos-fusao-de-distribuidoras","status":"publish","type":"post","link":"https:\/\/filtrocapacitivo.com.br\/blog\/tarifas-da-rge-sul-terao-aumentos-diferenciados-apos-fusao-de-distribuidoras\/","title":{"rendered":"Tarifas da RGE Sul ter\u00e3o aumentos diferenciados ap\u00f3s fus\u00e3o de distribuidoras"},"content":{"rendered":"\n<p>O primeiro reajuste tarif\u00e1rio aprovado \npela Ag\u00eancia Nacional de Energia El\u00e9trica ap\u00f3s a fus\u00e3o das \ndistribuidoras ga\u00fachas do Grupo CPFL ter\u00e1 efeitos diferenciados para os \nconsumidores das duas antigas companhias, mesmo com a unifica\u00e7\u00e3o \ntarif\u00e1ria. Os clientes da RGE Sul ter\u00e3o aumento m\u00e9dio de 1,72%, com \nefeito m\u00e9dio de \u2013 0,58% na alta tens\u00e3o e de 2,94% na baixa tens\u00e3o. Para \naqueles que eram atendidos pela RGE, as tarifas v\u00e3o aumentar 8,63%, com \nimpacto de 11,32% na alta tens\u00e3o e de 7,04% na baixa tens\u00e3o.<\/p>\n\n\n\n<p>As novas tarifas da RGE Sul Distribuidora \nde Energia (nome da empresa resultante da unifica\u00e7\u00e3o) ser\u00e3o aplicadas a \npartir de 19 de junho. O agrupamento das \u00e1reas de concess\u00e3o foi \nautorizado pela Aneel em dezembro do ano passado para vigorar a partir \nde 1\u00ba de janeiro de 2019.<\/p>\n\n\n\n<p>Com a opera\u00e7\u00e3o, a data de reajuste e de \nrevis\u00e3o passou de abril para junho, e a Aneel prorrogou por dois meses a\n vig\u00eancia das tarifas definidas no ano passado para cada empresa. A \ndistribuidora atende cerca de 2,87 milh\u00f5es de unidades consumidoras no \ninterior do Rio Grande do Sul e tem faturamento anual da ordem de R$ 7,5\n bilh\u00f5es.<\/p>\n","protected":false},"excerpt":{"rendered":"<p>O primeiro reajuste tarif\u00e1rio aprovado pela Ag\u00eancia Nacional de Energia El\u00e9trica ap\u00f3s a fus\u00e3o das distribuidoras ga\u00fachas do Grupo CPFL ter\u00e1 efeitos diferenciados para os consumidores<span class=\"excerpt-hellip\"> [\u2026]<\/span><\/p>\n","protected":false},"author":1,"featured_media":638,"comment_status":"closed","ping_status":"closed","sticky":false,"template":"","format":"standard","meta":{"footnotes":""},"categories":[1],"tags":[],"class_list":["post-858","post","type-post","status-publish","format-standard","has-post-thumbnail","hentry","category-filtros-capacitivos"],"_links":{"self":[{"href":"https:\/\/filtrocapacitivo.com.br\/blog\/wp-json\/wp\/v2\/posts\/858","targetHints":{"allow":["GET"]}}],"collection":[{"href":"https:\/\/filtrocapacitivo.com.br\/blog\/wp-json\/wp\/v2\/posts"}],"about":[{"href":"https:\/\/filtrocapacitivo.com.br\/blog\/wp-json\/wp\/v2\/types\/post"}],"author":[{"embeddable":true,"href":"https:\/\/filtrocapacitivo.com.br\/blog\/wp-json\/wp\/v2\/users\/1"}],"replies":[{"embeddable":true,"href":"https:\/\/filtrocapacitivo.com.br\/blog\/wp-json\/wp\/v2\/comments?post=858"}],"version-history":[{"count":1,"href":"https:\/\/filtrocapacitivo.com.br\/blog\/wp-json\/wp\/v2\/posts\/858\/revisions"}],"predecessor-version":[{"id":859,"href":"https:\/\/filtrocapacitivo.com.br\/blog\/wp-json\/wp\/v2\/posts\/858\/revisions\/859"}],"wp:featuredmedia":[{"embeddable":true,"href":"https:\/\/filtrocapacitivo.com.br\/blog\/wp-json\/wp\/v2\/media\/638"}],"wp:attachment":[{"href":"https:\/\/filtrocapacitivo.com.br\/blog\/wp-json\/wp\/v2\/media?parent=858"}],"wp:term":[{"taxonomy":"category","embeddable":true,"href":"https:\/\/filtrocapacitivo.com.br\/blog\/wp-json\/wp\/v2\/categories?post=858"},{"taxonomy":"post_tag","embeddable":true,"href":"https:\/\/filtrocapacitivo.com.br\/blog\/wp-json\/wp\/v2\/tags?post=858"}],"curies":[{"name":"wp","href":"https:\/\/api.w.org\/{rel}","templated":true}]}}