{"id":884,"date":"2019-08-06T12:31:05","date_gmt":"2019-08-06T15:31:05","guid":{"rendered":"http:\/\/filtrocapacitivo.com.br\/blog\/?p=884"},"modified":"2019-07-11T21:32:05","modified_gmt":"2019-07-12T00:32:05","slug":"bandeira-tarifaria-de-julho-sera-amarela","status":"publish","type":"post","link":"https:\/\/filtrocapacitivo.com.br\/blog\/bandeira-tarifaria-de-julho-sera-amarela\/","title":{"rendered":"Bandeira tarif\u00e1ria de julho ser\u00e1 amarela"},"content":{"rendered":"\n<p>A bandeira tarif\u00e1ria de julho ser\u00e1 \namarela, como consequ\u00eancia da previs\u00e3o de vaz\u00f5es abaixo da m\u00e9dia \nhist\u00f3rica e da redu\u00e7\u00e3o esperada dos n\u00edveis dos principais reservat\u00f3rios \ndo pa\u00eds. Com isso, o consumidor pagar\u00e1 um custo extra de R$ 1,50 a cada \n100 quilowatts-hora consumidos.<\/p>\n\n\n\n<p>Segundo a Ag\u00eancia Nacional de Energia \nEl\u00e9trica, o cen\u00e1rio para o pr\u00f3ximo m\u00eas \u00e9 de aumento do pre\u00e7o da energia,\n em raz\u00e3o do uso de mais gera\u00e7\u00e3o termel\u00e9trica, e dos custos relacionados\n ao risco hidrol\u00f3gico. As duas vari\u00e1veis \u00e9 que determinam mensalmente a \ncor da bandeira.<\/p>\n\n\n\n<p>O mecanismo aplicado desde 2015 sinaliza \nas condi\u00e7\u00f5es de gera\u00e7\u00e3o de energia el\u00e9trica a cada m\u00eas. A bandeira na \ncor verde significa que n\u00e3o haver\u00e1 custo adicional, enquanto a amarela e\n a vermelha indicam que o custo da energia ficar\u00e1 mais caro e vai pesar \nmais no bolso do consumidor.<\/p>\n","protected":false},"excerpt":{"rendered":"<p>A bandeira tarif\u00e1ria de julho ser\u00e1 amarela, como consequ\u00eancia da previs\u00e3o de vaz\u00f5es abaixo da m\u00e9dia hist\u00f3rica e da redu\u00e7\u00e3o esperada dos n\u00edveis dos principais reservat\u00f3rios<span class=\"excerpt-hellip\"> [\u2026]<\/span><\/p>\n","protected":false},"author":1,"featured_media":885,"comment_status":"closed","ping_status":"closed","sticky":false,"template":"","format":"standard","meta":{"footnotes":""},"categories":[1],"tags":[],"class_list":["post-884","post","type-post","status-publish","format-standard","has-post-thumbnail","hentry","category-filtros-capacitivos"],"_links":{"self":[{"href":"https:\/\/filtrocapacitivo.com.br\/blog\/wp-json\/wp\/v2\/posts\/884","targetHints":{"allow":["GET"]}}],"collection":[{"href":"https:\/\/filtrocapacitivo.com.br\/blog\/wp-json\/wp\/v2\/posts"}],"about":[{"href":"https:\/\/filtrocapacitivo.com.br\/blog\/wp-json\/wp\/v2\/types\/post"}],"author":[{"embeddable":true,"href":"https:\/\/filtrocapacitivo.com.br\/blog\/wp-json\/wp\/v2\/users\/1"}],"replies":[{"embeddable":true,"href":"https:\/\/filtrocapacitivo.com.br\/blog\/wp-json\/wp\/v2\/comments?post=884"}],"version-history":[{"count":1,"href":"https:\/\/filtrocapacitivo.com.br\/blog\/wp-json\/wp\/v2\/posts\/884\/revisions"}],"predecessor-version":[{"id":886,"href":"https:\/\/filtrocapacitivo.com.br\/blog\/wp-json\/wp\/v2\/posts\/884\/revisions\/886"}],"wp:featuredmedia":[{"embeddable":true,"href":"https:\/\/filtrocapacitivo.com.br\/blog\/wp-json\/wp\/v2\/media\/885"}],"wp:attachment":[{"href":"https:\/\/filtrocapacitivo.com.br\/blog\/wp-json\/wp\/v2\/media?parent=884"}],"wp:term":[{"taxonomy":"category","embeddable":true,"href":"https:\/\/filtrocapacitivo.com.br\/blog\/wp-json\/wp\/v2\/categories?post=884"},{"taxonomy":"post_tag","embeddable":true,"href":"https:\/\/filtrocapacitivo.com.br\/blog\/wp-json\/wp\/v2\/tags?post=884"}],"curies":[{"name":"wp","href":"https:\/\/api.w.org\/{rel}","templated":true}]}}