{"id":89,"date":"2014-08-01T18:32:23","date_gmt":"2014-08-01T18:32:23","guid":{"rendered":"http:\/\/filtrocapacitivo.com.br\/blog\/?p=89"},"modified":"2014-08-04T12:42:49","modified_gmt":"2014-08-04T12:42:49","slug":"a-luminorte-distribuidor-em-rondonia-e-exclusivo-do-acre-marcaram-presenca-em-mais-um-evento-da-expoacre","status":"publish","type":"post","link":"https:\/\/filtrocapacitivo.com.br\/blog\/a-luminorte-distribuidor-em-rondonia-e-exclusivo-do-acre-marcaram-presenca-em-mais-um-evento-da-expoacre\/","title":{"rendered":"A LumiNorte, Distribuidor em Rond\u00f4nia e exclusivo do Acre, marcaram presen\u00e7a em mais um evento da ExpoAcre"},"content":{"rendered":"<p>Os empres\u00e1rios Sandocan Teixeira e Sergio Mendon\u00e7a participaram da 38\u00ba edi\u00e7\u00e3o da Exposi\u00e7\u00e3o Agropecu\u00e1ria do Acre e levaram ao epis\u00f3dio interatividade, informativos e Cases de Sucesso da Lumilight do Brasil. Juntos com sua equipe comercial fizeram com que a apresenta\u00e7\u00e3o fosse um sucesso e obtiveram a presen\u00e7a de um grande n\u00famero de visitantes requerendo solu\u00e7\u00f5es e marca\u00e7\u00e3o de visita t\u00e9cnica aos seus estabelecimentos, assim como, foram cadastrados para obter o Or\u00e7amento de Viabilidade T\u00e9cnica e Financeira do Filtro Capacitivo Inteligente Lumilight do Brasil atrav\u00e9s do Departamento de Engenharia da Ind\u00fastria. O Stand da LumiNorte teve como parceiros a CAIXA ECONOMICA FEDERAL, FEDERA\u00c7\u00c3O DAS IND\u00daTRIAS DO ACRE, SEBRAE, PREFEITURA DE RIO BRANCO E GOVERNO DO ESTADO, demonstrando a divulga\u00e7\u00e3o e fortalecimento da marca Lumilight do Brasil no Norte do pa\u00eds.<\/p>\n\n\t\t\t<style type='text\/css'>\n\t\t\t\t#gallery-1 {\n\t\t\t\t\tmargin: auto;\n\t\t\t\t}\n\t\t\t\t#gallery-1 .gallery-item {\n\t\t\t\t\tfloat: left;\n\t\t\t\t\tmargin-top: 10px;\n\t\t\t\t\ttext-align: center;\n\t\t\t\t\twidth: 33.33%;\n\t\t\t\t}\n\t\t\t\t#gallery-1 img {\n\t\t\t\t\tborder: 2px solid #cfcfcf;\n\t\t\t\t}\n\t\t\t\t#gallery-1 .gallery-caption {\n\t\t\t\t\tmargin-left: 0;\n\t\t\t\t}\n\t\t\t\t\/* see gallery_shortcode() in wp-includes\/media.php *\/\n\t\t\t<\/style>\n\t\t<div id='gallery-1' class='gallery galleryid-89 gallery-columns-3 gallery-size-thumbnail file'><dl class='gallery-item'>\n\t\t\t\t<dt class='gallery-icon portrait'>\n\t\t\t\t\t<a title=\"01\" href='https:\/\/filtrocapacitivo.com.br\/blog\/wp-content\/uploads\/2014\/08\/01.jpg'><img loading=\"lazy\" decoding=\"async\" width=\"150\" height=\"150\" src=\"https:\/\/filtrocapacitivo.com.br\/blog\/wp-content\/uploads\/2014\/08\/01-150x150.jpg\" class=\"attachment-thumbnail size-thumbnail\" alt=\"\" \/><\/a>\n\t\t\t\t<\/dt><\/dl><dl class='gallery-item'>\n\t\t\t\t<dt class='gallery-icon portrait'>\n\t\t\t\t\t<a title=\"03\" href='https:\/\/filtrocapacitivo.com.br\/blog\/wp-content\/uploads\/2014\/08\/03.jpg'><img loading=\"lazy\" decoding=\"async\" width=\"150\" height=\"150\" src=\"https:\/\/filtrocapacitivo.com.br\/blog\/wp-content\/uploads\/2014\/08\/03-150x150.jpg\" class=\"attachment-thumbnail size-thumbnail\" alt=\"\" \/><\/a>\n\t\t\t\t<\/dt><\/dl><dl class='gallery-item'>\n\t\t\t\t<dt class='gallery-icon landscape'>\n\t\t\t\t\t<a title=\"04\" href='https:\/\/filtrocapacitivo.com.br\/blog\/wp-content\/uploads\/2014\/08\/04.jpg'><img loading=\"lazy\" decoding=\"async\" width=\"150\" height=\"150\" src=\"https:\/\/filtrocapacitivo.com.br\/blog\/wp-content\/uploads\/2014\/08\/04-150x150.jpg\" class=\"attachment-thumbnail size-thumbnail\" alt=\"\" \/><\/a>\n\t\t\t\t<\/dt><\/dl><br style=\"clear: both\" \/><dl class='gallery-item'>\n\t\t\t\t<dt class='gallery-icon portrait'>\n\t\t\t\t\t<a title=\"02\" href='https:\/\/filtrocapacitivo.com.br\/blog\/wp-content\/uploads\/2014\/08\/02.jpg'><img loading=\"lazy\" decoding=\"async\" width=\"150\" height=\"150\" src=\"https:\/\/filtrocapacitivo.com.br\/blog\/wp-content\/uploads\/2014\/08\/02-150x150.jpg\" class=\"attachment-thumbnail size-thumbnail\" alt=\"\" \/><\/a>\n\t\t\t\t<\/dt><\/dl>\n\t\t\t\t<br style='clear: both' \/>\n\t\t\t<\/div>\n\n","protected":false},"excerpt":{"rendered":"<p>Os empres\u00e1rios Sandocan Teixeira e Sergio Mendon\u00e7a participaram da 38\u00ba edi\u00e7\u00e3o da Exposi\u00e7\u00e3o Agropecu\u00e1ria do Acre e levaram ao epis\u00f3dio interatividade, informativos e Cases de Sucesso<span class=\"excerpt-hellip\"> [\u2026]<\/span><\/p>\n","protected":false},"author":1,"featured_media":0,"comment_status":"open","ping_status":"open","sticky":false,"template":"","format":"standard","meta":{"footnotes":""},"categories":[5],"tags":[],"class_list":["post-89","post","type-post","status-publish","format-standard","hentry","category-noticias"],"_links":{"self":[{"href":"https:\/\/filtrocapacitivo.com.br\/blog\/wp-json\/wp\/v2\/posts\/89","targetHints":{"allow":["GET"]}}],"collection":[{"href":"https:\/\/filtrocapacitivo.com.br\/blog\/wp-json\/wp\/v2\/posts"}],"about":[{"href":"https:\/\/filtrocapacitivo.com.br\/blog\/wp-json\/wp\/v2\/types\/post"}],"author":[{"embeddable":true,"href":"https:\/\/filtrocapacitivo.com.br\/blog\/wp-json\/wp\/v2\/users\/1"}],"replies":[{"embeddable":true,"href":"https:\/\/filtrocapacitivo.com.br\/blog\/wp-json\/wp\/v2\/comments?post=89"}],"version-history":[{"count":3,"href":"https:\/\/filtrocapacitivo.com.br\/blog\/wp-json\/wp\/v2\/posts\/89\/revisions"}],"predecessor-version":[{"id":94,"href":"https:\/\/filtrocapacitivo.com.br\/blog\/wp-json\/wp\/v2\/posts\/89\/revisions\/94"}],"wp:attachment":[{"href":"https:\/\/filtrocapacitivo.com.br\/blog\/wp-json\/wp\/v2\/media?parent=89"}],"wp:term":[{"taxonomy":"category","embeddable":true,"href":"https:\/\/filtrocapacitivo.com.br\/blog\/wp-json\/wp\/v2\/categories?post=89"},{"taxonomy":"post_tag","embeddable":true,"href":"https:\/\/filtrocapacitivo.com.br\/blog\/wp-json\/wp\/v2\/tags?post=89"}],"curies":[{"name":"wp","href":"https:\/\/api.w.org\/{rel}","templated":true}]}}