{"id":951,"date":"2019-10-04T11:23:33","date_gmt":"2019-10-04T14:23:33","guid":{"rendered":"http:\/\/filtrocapacitivo.com.br\/blog\/?p=951"},"modified":"2019-10-02T13:26:17","modified_gmt":"2019-10-02T16:26:17","slug":"capacidade-diminui-e-reservatorios-se-co-operam-abaixo-de-39","status":"publish","type":"post","link":"https:\/\/filtrocapacitivo.com.br\/blog\/capacidade-diminui-e-reservatorios-se-co-operam-abaixo-de-39\/","title":{"rendered":"Capacidade diminui e reservat\u00f3rios SE\/CO operam abaixo de 39%"},"content":{"rendered":"\n<p>Seguindo o movimento observado no m\u00eas de \nagosto, todos reservat\u00f3rios do pa\u00eds apresentaram queda em suas \ncapacidades de armazenamento em rela\u00e7\u00e3o ao dia anterior. A regi\u00e3o \nSudeste\/Centro-Oeste contou com varia\u00e7\u00e3o de 0,2% e opera a 38,7% de sua \ncapacidade, segundo dados relativos a opera\u00e7\u00e3o da \u00faltima ter\u00e7a-feira, 3 \nde setembro, levantadas pelo Operador Nacional do Sistema El\u00e9trico \n(ONS). A energia armazenada do subsistema mostra 78.612 MW m\u00eas e a \nafluente foi para 77% da MLT. A UHE Furnas trabalha com 40,62% e a usina\n de Nova Ponte com 40,54% de sua vaz\u00e3o.<\/p>\n\n\n\n<p>No Norte do pa\u00eds foi registrado recuo de \n0,4% e os reservat\u00f3rios funcionam com 63,5% do seu volume \u00fatil. A \nenergia armazenada aparece com 9.548 MW m\u00eas e a afluente em 75% da MLT. A\n usina hidrel\u00e9trica de Tucuru\u00ed opera com 86,60% de sua capacidade. J\u00e1 no\n Sul a diminui\u00e7\u00e3o foi de 0,8%, fazendo a vaz\u00e3o dos reservat\u00f3rios ca\u00edrem \npara 51,9%. A energia contida no m\u00eas foi para 24% da MLT, enquanto a \narmazenada marca 10.679 MW. As UHEs G.B Munhoz e Passo Fundo funcionam, \nrespectivamente, com capacidades de 36,62% e 53,29%.<\/p>\n\n\n\n<p>Por sua vez a regi\u00e3o Nordeste teve redu\u00e7\u00e3o\n de 0,1% e os reservat\u00f3rios trabalham com 48,2% da capacidade. A energia\n afluente permanece em 46% e a armazenada indica 24.973 MW m\u00eas. A \nhidrel\u00e9trica de Sobradinho funciona a 40,74%.<\/p>\n","protected":false},"excerpt":{"rendered":"<p>Seguindo o movimento observado no m\u00eas de agosto, todos reservat\u00f3rios do pa\u00eds apresentaram queda em suas capacidades de armazenamento em rela\u00e7\u00e3o ao dia anterior. A regi\u00e3o<span class=\"excerpt-hellip\"> [\u2026]<\/span><\/p>\n","protected":false},"author":1,"featured_media":953,"comment_status":"closed","ping_status":"closed","sticky":false,"template":"","format":"standard","meta":{"footnotes":""},"categories":[1],"tags":[],"class_list":["post-951","post","type-post","status-publish","format-standard","has-post-thumbnail","hentry","category-filtros-capacitivos"],"_links":{"self":[{"href":"https:\/\/filtrocapacitivo.com.br\/blog\/wp-json\/wp\/v2\/posts\/951","targetHints":{"allow":["GET"]}}],"collection":[{"href":"https:\/\/filtrocapacitivo.com.br\/blog\/wp-json\/wp\/v2\/posts"}],"about":[{"href":"https:\/\/filtrocapacitivo.com.br\/blog\/wp-json\/wp\/v2\/types\/post"}],"author":[{"embeddable":true,"href":"https:\/\/filtrocapacitivo.com.br\/blog\/wp-json\/wp\/v2\/users\/1"}],"replies":[{"embeddable":true,"href":"https:\/\/filtrocapacitivo.com.br\/blog\/wp-json\/wp\/v2\/comments?post=951"}],"version-history":[{"count":1,"href":"https:\/\/filtrocapacitivo.com.br\/blog\/wp-json\/wp\/v2\/posts\/951\/revisions"}],"predecessor-version":[{"id":954,"href":"https:\/\/filtrocapacitivo.com.br\/blog\/wp-json\/wp\/v2\/posts\/951\/revisions\/954"}],"wp:featuredmedia":[{"embeddable":true,"href":"https:\/\/filtrocapacitivo.com.br\/blog\/wp-json\/wp\/v2\/media\/953"}],"wp:attachment":[{"href":"https:\/\/filtrocapacitivo.com.br\/blog\/wp-json\/wp\/v2\/media?parent=951"}],"wp:term":[{"taxonomy":"category","embeddable":true,"href":"https:\/\/filtrocapacitivo.com.br\/blog\/wp-json\/wp\/v2\/categories?post=951"},{"taxonomy":"post_tag","embeddable":true,"href":"https:\/\/filtrocapacitivo.com.br\/blog\/wp-json\/wp\/v2\/tags?post=951"}],"curies":[{"name":"wp","href":"https:\/\/api.w.org\/{rel}","templated":true}]}}