{"id":964,"date":"2019-10-17T10:36:01","date_gmt":"2019-10-17T13:36:01","guid":{"rendered":"http:\/\/filtrocapacitivo.com.br\/blog\/?p=964"},"modified":"2019-10-02T13:37:39","modified_gmt":"2019-10-02T16:37:39","slug":"ipca-energia-eletrica-sobe-385-em-agosto","status":"publish","type":"post","link":"https:\/\/filtrocapacitivo.com.br\/blog\/ipca-energia-eletrica-sobe-385-em-agosto\/","title":{"rendered":"IPCA: energia el\u00e9trica sobe 3,85% em agosto"},"content":{"rendered":"\n<p>Com varia\u00e7\u00e3o de 3,85%%, energia el\u00e9trica \ncontribuiu com 0,15 ponto percentual no impacto do grupo Habita\u00e7\u00e3o na \ncomposi\u00e7\u00e3o do \u00cdndice Nacional de Pre\u00e7os ao Consumidor Amplo de agosto, \nque ficou em 0,11%. Habita\u00e7\u00e3o variou 1,19% no m\u00eas, sendo o maior aumento\n dentre os grupos. O IPCA ficou 0,08 ponto percentual abaixo dos 0,19% \nde julho. Em agosto do ano passado, a taxa ficou negativa em 0,09%. A \nvaria\u00e7\u00e3o acumulada no ano ficou em 2,54% e no acumulado de 12 meses, em \n3,43%, superior aos 3,22% registrados nos 12 meses imediatamente \nanteriores.<\/p>\n\n\n\n<p>O item energia el\u00e9trica j\u00e1 havia subido \n4,48% no m\u00eas anterior. Com a vig\u00eancia da bandeira vermelha, a cada 100 \nkWh consumidos, h\u00e1 a cobran\u00e7a de R$ 4. Com exce\u00e7\u00e3o de Vit\u00f3ria e \nSalvador, que tiveram quedas de 8,64% e 1,37%, respectivamente, todas as\n demais regi\u00f5es pesquisadas apresentaram aumentos. Em Fortaleza, ele \nficou em 9,01% e em Campo Grande, em 1,44%. Em Vit\u00f3ria, houve queda de \n6,48% a partir de 7 de agosto e, em Salvador, a varia\u00e7\u00e3o negativa \ndeveu-se \u00e0 redu\u00e7\u00e3o da al\u00edquota de PIS\/Cofins.<\/p>\n","protected":false},"excerpt":{"rendered":"<p>Com varia\u00e7\u00e3o de 3,85%%, energia el\u00e9trica contribuiu com 0,15 ponto percentual no impacto do grupo Habita\u00e7\u00e3o na composi\u00e7\u00e3o do \u00cdndice Nacional de Pre\u00e7os ao Consumidor Amplo<span class=\"excerpt-hellip\"> [\u2026]<\/span><\/p>\n","protected":false},"author":1,"featured_media":965,"comment_status":"closed","ping_status":"closed","sticky":false,"template":"","format":"standard","meta":{"footnotes":""},"categories":[1],"tags":[],"class_list":["post-964","post","type-post","status-publish","format-standard","has-post-thumbnail","hentry","category-filtros-capacitivos"],"_links":{"self":[{"href":"https:\/\/filtrocapacitivo.com.br\/blog\/wp-json\/wp\/v2\/posts\/964","targetHints":{"allow":["GET"]}}],"collection":[{"href":"https:\/\/filtrocapacitivo.com.br\/blog\/wp-json\/wp\/v2\/posts"}],"about":[{"href":"https:\/\/filtrocapacitivo.com.br\/blog\/wp-json\/wp\/v2\/types\/post"}],"author":[{"embeddable":true,"href":"https:\/\/filtrocapacitivo.com.br\/blog\/wp-json\/wp\/v2\/users\/1"}],"replies":[{"embeddable":true,"href":"https:\/\/filtrocapacitivo.com.br\/blog\/wp-json\/wp\/v2\/comments?post=964"}],"version-history":[{"count":1,"href":"https:\/\/filtrocapacitivo.com.br\/blog\/wp-json\/wp\/v2\/posts\/964\/revisions"}],"predecessor-version":[{"id":966,"href":"https:\/\/filtrocapacitivo.com.br\/blog\/wp-json\/wp\/v2\/posts\/964\/revisions\/966"}],"wp:featuredmedia":[{"embeddable":true,"href":"https:\/\/filtrocapacitivo.com.br\/blog\/wp-json\/wp\/v2\/media\/965"}],"wp:attachment":[{"href":"https:\/\/filtrocapacitivo.com.br\/blog\/wp-json\/wp\/v2\/media?parent=964"}],"wp:term":[{"taxonomy":"category","embeddable":true,"href":"https:\/\/filtrocapacitivo.com.br\/blog\/wp-json\/wp\/v2\/categories?post=964"},{"taxonomy":"post_tag","embeddable":true,"href":"https:\/\/filtrocapacitivo.com.br\/blog\/wp-json\/wp\/v2\/tags?post=964"}],"curies":[{"name":"wp","href":"https:\/\/api.w.org\/{rel}","templated":true}]}}