{"id":980,"date":"2019-10-31T13:46:25","date_gmt":"2019-10-31T16:46:25","guid":{"rendered":"http:\/\/filtrocapacitivo.com.br\/blog\/?p=980"},"modified":"2019-10-02T13:48:22","modified_gmt":"2019-10-02T16:48:22","slug":"expectativa-de-crescimento-da-carga-de-energia-sobe-para-39-em-setembrov","status":"publish","type":"post","link":"https:\/\/filtrocapacitivo.com.br\/blog\/expectativa-de-crescimento-da-carga-de-energia-sobe-para-39-em-setembrov\/","title":{"rendered":"Expectativa de crescimento da carga de energia sobe para 3,9% em setembroV"},"content":{"rendered":"\n<p>A expectativa de crescimento da carga \nnacional de energia para o m\u00eas de setembro foi elevada para 67.796 MW \nm\u00e9dios, o que representa um crescimento de 3,9% na compara\u00e7\u00e3o com o \nmesmo per\u00edodo de 2018 , segundo boletim divulgado nesta sexta-feira, 20 \nde setembro, pelo Operador Nacional do Sistema (ONS). Na semana passada,\n o ONS calculava que a carga cresceria 3,2%, para 67.346 MW m\u00e9dios.<\/p>\n\n\n\n<p>\u201cRessalta-se que a taxa de crescimento, de\n 3,9%, estimada para o Sistema Interligado Nacional (SIN) em rela\u00e7\u00e3o a \nsetembro\/18, foi a maior taxa observada nos \u00faltimos quatro meses\u201d, \ndestaca o ONS. Explica esse resultado a ocorr\u00eancia de temperatura mais \nelevada a partir da segunda semana de setembro em todo pa\u00eds.<\/p>\n\n\n\n<figure class=\"wp-block-image\"><img decoding=\"async\" src=\"https:\/\/ci5.googleusercontent.com\/proxy\/qWeIWb4Xhfe0iXS9aojyyYDZgsulQA4rdno8Vl1tOyaecUUHP--xQVViHpB02rHMB05OLGYuuX4fikp_f3Nzo6NT780fxPw7Lb0AcxpvtLcW9_3e1kMX9iiAqTk=s0-d-e1-ft#https:\/\/drudu6g9smo13.cloudfront.net\/wp-content\/uploads\/2019\/09\/Carga.png\" alt=\"\"\/><\/figure>\n\n\n\n<p>As taxas de crescimento da carga estimadas\n para os subsistemas Sudeste\/Centro-Oeste e Sul, est\u00e3o, respectivamente,\n em 5,2% e 4,2%, relacionadas ao baixo dinamismo da atividade econ\u00f4mica \nobservada ao longo do ano. \u201cDestaca-se para o subsistema Sul, o registro\n de temperaturas amenas em setembro\/2018, o que influenciou \nnegativamente o comportamento da carga naquele per\u00edodo\u201d, pondera o ONS.<\/p>\n\n\n\n<p>Para o subsistema Nordeste, diz o ONS, a \nvaria\u00e7\u00e3o negativa estimada de 1,2% para o m\u00eas de setembro em rela\u00e7\u00e3o a \nigual per\u00edodo do ano anterior, est\u00e1 associada a redu\u00e7\u00e3o de consumo de \ndois consumidores livres conectados na rede b\u00e1sica, um deles vem se \nmantendo assim desde maio de 2019, e o outro iniciou a redu\u00e7\u00e3o em \nagosto\/19, e seu processo de retomada est\u00e1 previsto para o final de \nsetembro\/19. Nesta semana, a carga do Nordeste apresentou rea\u00e7\u00e3o \nsuperior \u00e0s semanas anteriores em fun\u00e7\u00e3o do aumento das temperaturas \nm\u00e1ximas nas capitais da regi\u00e3o.<\/p>\n\n\n\n<p>No subsistema Norte, a taxa de crescimento\n prevista de 4,8% \u00e9 explicada, principalmente, pela retomada de carga de\n um consumidor livre da rede b\u00e1sica a partir do final do m\u00eas de maio\/19,\n que estava com sua carga reduzida desde abril\/18.<\/p>\n\n\n\n<p>Meteorologia<\/p>\n\n\n\n<p>A previs\u00e3o de aflu\u00eancias (\u00e1gua que chega \nao reservat\u00f3rio das hidrel\u00e9tricas) est\u00e1 bem abaixo da m\u00e9dia hist\u00f3rica em\n todo o pa\u00eds. No Sudeste\/Centro-Oeste, as Energias Naturais Afluentes \n(ENAs) est\u00e3o estimadas em 69% da m\u00e9dia hist\u00f3rica; em 30% no Sul, em 42% \nno Nordeste; e em 68% no Norte. Na semana em curso, o Sul come\u00e7ou a \napresentar acens\u00e3o na previs\u00e3o de aflu\u00eancias, diz o ONS.<\/p>\n\n\n\n<figure class=\"wp-block-image\"><a href=\"https:\/\/drudu6g9smo13.cloudfront.net\/wp-content\/uploads\/2019\/09\/dam-3369500_960_720.jpg\" target=\"_blank\" rel=\"noreferrer noopener\"><img decoding=\"async\" src=\"https:\/\/ci5.googleusercontent.com\/proxy\/OXq4HiAfADxCpyhXeFaTO947Jn7EO7N1FpC_-XjthY37dLzN5CmAClh9X0UGcjQPxB2T51oQRcv0KnOGXX9uG0DZ5rK8Aax41F8sTeW9-CivGJT9SVK3zQCLx3R_rdkMIxTfyZjcDUZcuA=s0-d-e1-ft#https:\/\/drudu6g9smo13.cloudfront.net\/wp-content\/uploads\/2019\/09\/dam-3369500_960_720.jpg\" alt=\"\"\/><\/a><\/figure>\n\n\n\n<p>Energia Armazenada<\/p>\n\n\n\n<p>Os reservat\u00f3rios das hidrel\u00e9tricas \nbrasileiras foram esvaziados ao longo do m\u00eas de setembro. O \nSudeste\/Centro-Oeste come\u00e7ou o m\u00eas com 39,7% de armazenamento m\u00e1ximo de \nenergia e pode chegar ao final do m\u00eas em 39%. O Sul come\u00e7ou o m\u00eas em 54%\n e deve fechar com 39%. O Nordeste passar\u00e1 de 48,7% para 43,5% e o Norte\n de 65% para 47,8%.<\/p>\n\n\n\n<p>O resultado disso \u00e9 que os valores m\u00e9dios semanais do Custo Marginal de Opera\u00e7\u00e3o (CMO) sofreram as seguintes altera\u00e7\u00f5es:<\/p>\n\n\n\n<p>SE\/CO e Sul: de R$ 220,24\/MWh para R$ 224,57\/MWh<\/p>\n\n\n\n<p>Nordeste: de R$ 213,62\/\/MWh para R$ 223,92\/MWh<\/p>\n\n\n\n<p>Norte: de R$ 214,01\/\/MWh para R$ 223,92\/MWh<\/p>\n","protected":false},"excerpt":{"rendered":"<p>A expectativa de crescimento da carga nacional de energia para o m\u00eas de setembro foi elevada para 67.796 MW m\u00e9dios, o que representa um crescimento de<span class=\"excerpt-hellip\"> [\u2026]<\/span><\/p>\n","protected":false},"author":1,"featured_media":981,"comment_status":"closed","ping_status":"closed","sticky":false,"template":"","format":"standard","meta":{"footnotes":""},"categories":[1],"tags":[],"class_list":["post-980","post","type-post","status-publish","format-standard","has-post-thumbnail","hentry","category-filtros-capacitivos"],"_links":{"self":[{"href":"https:\/\/filtrocapacitivo.com.br\/blog\/wp-json\/wp\/v2\/posts\/980","targetHints":{"allow":["GET"]}}],"collection":[{"href":"https:\/\/filtrocapacitivo.com.br\/blog\/wp-json\/wp\/v2\/posts"}],"about":[{"href":"https:\/\/filtrocapacitivo.com.br\/blog\/wp-json\/wp\/v2\/types\/post"}],"author":[{"embeddable":true,"href":"https:\/\/filtrocapacitivo.com.br\/blog\/wp-json\/wp\/v2\/users\/1"}],"replies":[{"embeddable":true,"href":"https:\/\/filtrocapacitivo.com.br\/blog\/wp-json\/wp\/v2\/comments?post=980"}],"version-history":[{"count":1,"href":"https:\/\/filtrocapacitivo.com.br\/blog\/wp-json\/wp\/v2\/posts\/980\/revisions"}],"predecessor-version":[{"id":982,"href":"https:\/\/filtrocapacitivo.com.br\/blog\/wp-json\/wp\/v2\/posts\/980\/revisions\/982"}],"wp:featuredmedia":[{"embeddable":true,"href":"https:\/\/filtrocapacitivo.com.br\/blog\/wp-json\/wp\/v2\/media\/981"}],"wp:attachment":[{"href":"https:\/\/filtrocapacitivo.com.br\/blog\/wp-json\/wp\/v2\/media?parent=980"}],"wp:term":[{"taxonomy":"category","embeddable":true,"href":"https:\/\/filtrocapacitivo.com.br\/blog\/wp-json\/wp\/v2\/categories?post=980"},{"taxonomy":"post_tag","embeddable":true,"href":"https:\/\/filtrocapacitivo.com.br\/blog\/wp-json\/wp\/v2\/tags?post=980"}],"curies":[{"name":"wp","href":"https:\/\/api.w.org\/{rel}","templated":true}]}}