{"id":986,"date":"2019-11-06T13:50:23","date_gmt":"2019-11-06T16:50:23","guid":{"rendered":"http:\/\/filtrocapacitivo.com.br\/blog\/?p=986"},"modified":"2019-10-02T13:52:56","modified_gmt":"2019-10-02T16:52:56","slug":"volume-segue-caindo-em-todos-reservatorios-do-pais-2","status":"publish","type":"post","link":"https:\/\/filtrocapacitivo.com.br\/blog\/volume-segue-caindo-em-todos-reservatorios-do-pais-2\/","title":{"rendered":"Volume segue caindo em todos reservat\u00f3rios do pa\u00eds"},"content":{"rendered":"\n<p>Seguindo o movimento que tem sido aferido \ndesde o come\u00e7o do m\u00eas de agosto, todos reservat\u00f3rios do pa\u00eds \napresentaram recuo em suas capacidades de armazenamento em rela\u00e7\u00e3o ao \ndia anterior. A regi\u00e3o Sul opera a 42,3% da capacidade, ap\u00f3s registrar \ndecr\u00e9scimo de 0,1% pelo segundo dia seguido. A informa\u00e7\u00e3o deriva de \ndados relativos a opera\u00e7\u00e3o da \u00faltima ter\u00e7a-feira, 24 de setembro, \nlevantadas pelo Operador Nacional do Sistema El\u00e9trico (ONS), que apontam\n a energia contida no m\u00eas do subsistema em 26% da MLT e a armazenada em \n8.699 MW. As UHEs G.B Munhoz e Passo Fundo funcionam, respectivamente, a\n n\u00edveis de 26,27% e 44,54%.<\/p>\n\n\n\n<p>No Norte do pa\u00eds, a redu\u00e7\u00e3o foi de 0,6%, a\n maior do dia, e os reservat\u00f3rios operam com 52,8% de sua vaz\u00e3o. A \nenergia contida ficou em 7.943 MW, enquanto a armazen\u00e1vel foi para 68%. A\n usina de Tucuru\u00ed opera com 71,84% de seu volume \u00fatil. Por sua vez o \nNordeste contou com diminui\u00e7\u00e3o de 0,1% e opera com 44,8%. A energia \nafluente se encontra em 43% e a armazenada indica 23.192 MW m\u00eas. A \nhidrel\u00e9trica de Sobradinho funciona a 37,83%.<\/p>\n\n\n\n<p>A regi\u00e3o Sudeste\/Centro-Oeste registrou \nvaria\u00e7\u00e3o de 0,3% nos n\u00edveis, que ficaram em 32,5%. A energia armazenada \naparece com 65.984 MW m\u00eas e a afluente est\u00e1 em 69% da MLT. A UHE Furnas \ntrabalha com 31,79% e a usina de Serra da Mesa com 18,26% de sua vaz\u00e3o.<\/p>\n","protected":false},"excerpt":{"rendered":"<p>Seguindo o movimento que tem sido aferido desde o come\u00e7o do m\u00eas de agosto, todos reservat\u00f3rios do pa\u00eds apresentaram recuo em suas capacidades de armazenamento em<span class=\"excerpt-hellip\"> [\u2026]<\/span><\/p>\n","protected":false},"author":1,"featured_media":987,"comment_status":"closed","ping_status":"closed","sticky":false,"template":"","format":"standard","meta":{"footnotes":""},"categories":[1],"tags":[],"class_list":["post-986","post","type-post","status-publish","format-standard","has-post-thumbnail","hentry","category-filtros-capacitivos"],"_links":{"self":[{"href":"https:\/\/filtrocapacitivo.com.br\/blog\/wp-json\/wp\/v2\/posts\/986","targetHints":{"allow":["GET"]}}],"collection":[{"href":"https:\/\/filtrocapacitivo.com.br\/blog\/wp-json\/wp\/v2\/posts"}],"about":[{"href":"https:\/\/filtrocapacitivo.com.br\/blog\/wp-json\/wp\/v2\/types\/post"}],"author":[{"embeddable":true,"href":"https:\/\/filtrocapacitivo.com.br\/blog\/wp-json\/wp\/v2\/users\/1"}],"replies":[{"embeddable":true,"href":"https:\/\/filtrocapacitivo.com.br\/blog\/wp-json\/wp\/v2\/comments?post=986"}],"version-history":[{"count":1,"href":"https:\/\/filtrocapacitivo.com.br\/blog\/wp-json\/wp\/v2\/posts\/986\/revisions"}],"predecessor-version":[{"id":988,"href":"https:\/\/filtrocapacitivo.com.br\/blog\/wp-json\/wp\/v2\/posts\/986\/revisions\/988"}],"wp:featuredmedia":[{"embeddable":true,"href":"https:\/\/filtrocapacitivo.com.br\/blog\/wp-json\/wp\/v2\/media\/987"}],"wp:attachment":[{"href":"https:\/\/filtrocapacitivo.com.br\/blog\/wp-json\/wp\/v2\/media?parent=986"}],"wp:term":[{"taxonomy":"category","embeddable":true,"href":"https:\/\/filtrocapacitivo.com.br\/blog\/wp-json\/wp\/v2\/categories?post=986"},{"taxonomy":"post_tag","embeddable":true,"href":"https:\/\/filtrocapacitivo.com.br\/blog\/wp-json\/wp\/v2\/tags?post=986"}],"curies":[{"name":"wp","href":"https:\/\/api.w.org\/{rel}","templated":true}]}}